{"id":14392,"date":"2025-07-22T22:01:35","date_gmt":"2025-07-22T22:01:35","guid":{"rendered":"https:\/\/www.entrerios.gov.ar\/cultura\/?p=14392"},"modified":"2025-07-22T22:01:37","modified_gmt":"2025-07-22T22:01:37","slug":"el-arte-como-puente-chajari-sera-sede-del-1-encuentro-entrerriano-de-artes-visuales","status":"publish","type":"post","link":"https:\/\/www.entrerios.gov.ar\/cultura\/el-arte-como-puente-chajari-sera-sede-del-1-encuentro-entrerriano-de-artes-visuales\/","title":{"rendered":"El arte como puente: Chajar\u00ed ser\u00e1 sede del 1\u00b0 Encuentro Entrerriano de Artes Visuales"},"content":{"rendered":"\n<p>Del 1 al 3 de agosto, la ciudad de Chajar\u00ed ser\u00e1 anfitriona del Primer Encuentro Entrerriano de Artes Visuales, una propuesta impulsada por el Ministerio de Gobierno y Trabajo, a trav\u00e9s de la Secretar\u00eda de Cultura de Entre R\u00edos, en articulaci\u00f3n con el Municipio de Chajar\u00ed. El evento reunir\u00e1 a artistas de toda la provincia para compartir saberes, intercambiar experiencias, exponer obras y fortalecer redes de trabajo.<\/p>\n\n\n\n<p>Durante tres jornadas, la ciudad se convertir\u00e1 en un espacio de encuentro para la comunidad art\u00edstica entrerriana, con una agenda que incluir\u00e1 conversatorios, talleres, exposiciones y presentaciones en distintos puntos de la ciudad. El objetivo principal ser\u00e1 generar v\u00ednculos entre los y las artistas y la comunidad, ofrecer instancias de formaci\u00f3n y visibilizar la riqueza cultural de la provincia.<\/p>\n\n\n\n<p>En la presentaci\u00f3n del encuentro, el ministro de Gobierno y Trabajo, Manuel Troncoso, destac\u00f3 el valor estrat\u00e9gico de construir pol\u00edticas culturales con anclaje territorial, reconociendo a la cultura como una expresi\u00f3n identitaria profunda que debe estar al alcance de todos, sin importar su origen o condici\u00f3n social. \u201cLa cultura no tiene precio, es expresi\u00f3n del alma, y todos tenemos algo para decir\u201d, afirm\u00f3. Subray\u00f3 adem\u00e1s la importancia de descentralizar las pol\u00edticas p\u00fablicas y fortalecer la expresi\u00f3n cultural del interior de la provincia, saliendo del c\u00edrculo concentrado en las grandes ciudades. Valor\u00f3 especialmente la articulaci\u00f3n lograda con el equipo de Cultura provincial y con el municipio de Chajar\u00ed, se\u00f1alando que la comunidad art\u00edstica y los vecinos ser\u00e1n los verdaderos protagonistas del encuentro.<\/p>\n\n\n\n<p>Por su parte el secretario de Cultura, Juli\u00e1n Stoppello, subray\u00f3 que se trata del primer encuentro provincial de este tipo en el campo de las artes visuales: \u201cQuisimos ampliar esta gran oportunidad que es que los artistas se puedan encontrar en un espacio de visibilizaci\u00f3n, pero tambi\u00e9n de intercambio, de multiplicaci\u00f3n de experiencias y conocimientos, con la posibilidad de vincularse\u201d. A su vez, se\u00f1al\u00f3 que esta iniciativa se enmarca en una pol\u00edtica clara del gobernador Rogelio Frigerio y del ministro Troncoso de federalizar la actividad cultural. \u201cDesde que empezamos la gesti\u00f3n apuntamos a eso. Todos los programas de la Secretar\u00eda tienen itinerancia y el coraz\u00f3n de nuestra propuesta son estos encuentros entrerrianos, porque si tienen continuidad y solidez van a generar cosas muy buenas para todos los artistas y para toda la provincia\u201d, expres\u00f3.<\/p>\n\n\n\n<p>Sobre la elecci\u00f3n de Chajar\u00ed como sede, destac\u00f3: \u201cNo fue casual. Conocimos al director de Cultura en el marco del Consejo Provincial y vimos el gran trabajo que se viene haciendo. La ciudad tiene una potencia cultural enorme y nos parec\u00eda el lugar ideal para iniciar esta experiencia, para fortalecer una pol\u00edtica cultural que integre, multiplique y genere m\u00e1s potencia creativa, incluso en los momentos m\u00e1s complejos\u201d.<\/p>\n\n\n\n<p>Por su parte, el intendente de Chajar\u00ed, Marcelo Borghesan, comparti\u00f3 su orgullo por recibir este evento que potenciar\u00e1 a la ciudad como un espacio de creatividad y construcci\u00f3n colectiva. \u201cAgradezco a la Secretar\u00eda de Cultura de la provincia por haber elegido a Chajar\u00ed como anfitriona de este encuentro tan importante. Es un orgullo y una oportunidad de visibilizar nuestra cultura en toda la provincia\u201d, manifest\u00f3. Adem\u00e1s, destac\u00f3 la participaci\u00f3n del ministro Troncoso y convoc\u00f3 a toda la regi\u00f3n: \u201cVamos a estar invitando a todo Entre R\u00edos a que venga esos d\u00edas a Chajar\u00ed a disfrutar de este evento\u201d.<\/p>\n\n\n\n<figure class=\"wp-block-image size-large\"><img loading=\"lazy\" decoding=\"async\" width=\"1024\" height=\"707\" src=\"https:\/\/www.entrerios.gov.ar\/cultura\/wp-content\/uploads\/2025\/07\/arte-chajari-4-1024x707.jpeg\" alt=\"\" class=\"wp-image-14394\" srcset=\"https:\/\/www.entrerios.gov.ar\/cultura\/wp-content\/uploads\/2025\/07\/arte-chajari-4-980x676.jpeg 980w, https:\/\/www.entrerios.gov.ar\/cultura\/wp-content\/uploads\/2025\/07\/arte-chajari-4-480x331.jpeg 480w\" sizes=\"auto, (min-width: 0px) and (max-width: 480px) 480px, (min-width: 481px) and (max-width: 980px) 980px, (min-width: 981px) 1024px, 100vw\" \/><\/figure>\n\n\n\n<p>Participaron de la presentaci\u00f3n, la diputada provincial Gabriela Lena, funcionarios municipales y artistas.<\/p>\n\n\n\n<p>Este primer encuentro provincial dedicado a las Artes Visuales marcar\u00e1 un paso significativo en la consolidaci\u00f3n de pol\u00edticas culturales con mirada territorial, fortaleciendo el acceso, la participaci\u00f3n y la visibilidad de las expresiones art\u00edsticas en todo el territorio entrerriano.<\/p>\n","protected":false},"excerpt":{"rendered":"<p>Del 1 al 3 de agosto, la ciudad de Chajar\u00ed ser\u00e1 anfitriona del Primer Encuentro Entrerriano de Artes Visuales, una propuesta impulsada por el Ministerio de Gobierno y Trabajo, a trav\u00e9s de la Secretar\u00eda de Cultura de Entre R\u00edos, en articulaci\u00f3n con el Municipio de Chajar\u00ed. El evento reunir\u00e1 a artistas de toda la provincia [&hellip;]<\/p>\n","protected":false},"author":51,"featured_media":14393,"comment_status":"open","ping_status":"open","sticky":false,"template":"","format":"standard","meta":{"_et_pb_use_builder":"off","_et_pb_old_content":"","_et_gb_content_width":"","footnotes":""},"categories":[28],"tags":[],"class_list":["post-14392","post","type-post","status-publish","format-standard","has-post-thumbnail","hentry","category-noticias"],"_links":{"self":[{"href":"https:\/\/www.entrerios.gov.ar\/cultura\/wp-json\/wp\/v2\/posts\/14392","targetHints":{"allow":["GET"]}}],"collection":[{"href":"https:\/\/www.entrerios.gov.ar\/cultura\/wp-json\/wp\/v2\/posts"}],"about":[{"href":"https:\/\/www.entrerios.gov.ar\/cultura\/wp-json\/wp\/v2\/types\/post"}],"author":[{"embeddable":true,"href":"https:\/\/www.entrerios.gov.ar\/cultura\/wp-json\/wp\/v2\/users\/51"}],"replies":[{"embeddable":true,"href":"https:\/\/www.entrerios.gov.ar\/cultura\/wp-json\/wp\/v2\/comments?post=14392"}],"version-history":[{"count":1,"href":"https:\/\/www.entrerios.gov.ar\/cultura\/wp-json\/wp\/v2\/posts\/14392\/revisions"}],"predecessor-version":[{"id":14395,"href":"https:\/\/www.entrerios.gov.ar\/cultura\/wp-json\/wp\/v2\/posts\/14392\/revisions\/14395"}],"wp:featuredmedia":[{"embeddable":true,"href":"https:\/\/www.entrerios.gov.ar\/cultura\/wp-json\/wp\/v2\/media\/14393"}],"wp:attachment":[{"href":"https:\/\/www.entrerios.gov.ar\/cultura\/wp-json\/wp\/v2\/media?parent=14392"}],"wp:term":[{"taxonomy":"category","embeddable":true,"href":"https:\/\/www.entrerios.gov.ar\/cultura\/wp-json\/wp\/v2\/categories?post=14392"},{"taxonomy":"post_tag","embeddable":true,"href":"https:\/\/www.entrerios.gov.ar\/cultura\/wp-json\/wp\/v2\/tags?post=14392"}],"curies":[{"name":"wp","href":"https:\/\/api.w.org\/{rel}","templated":true}]}}