{"id":14400,"date":"2025-07-24T11:30:27","date_gmt":"2025-07-24T11:30:27","guid":{"rendered":"https:\/\/www.entrerios.gov.ar\/cultura\/?p=14400"},"modified":"2025-07-24T11:30:29","modified_gmt":"2025-07-24T11:30:29","slug":"el-ciclo-entre-rios-cantada-tendra-nuevos-encuentros-en-gualeguaychu-y-parana","status":"publish","type":"post","link":"https:\/\/www.entrerios.gov.ar\/cultura\/el-ciclo-entre-rios-cantada-tendra-nuevos-encuentros-en-gualeguaychu-y-parana\/","title":{"rendered":"El Ciclo\u00a0Entre R\u00edos Cantada\u00a0tendr\u00e1 nuevos encuentros en Gualeguaych\u00fa y Paran\u00e1"},"content":{"rendered":"\n<p>Organizados por la Biblioteca Provincial, dependiente de la Secretar\u00eda de Cultura de Entre R\u00edos, las jornadas ser\u00e1n el 1\u00ba de agosto a las 18 en la Biblioteca Popular \u201cRodolfo A. Garc\u00eda\u201d de Gualeguaych\u00fa (Corrientes 223); y el 7 de agosto a las 17.30 en la Biblioteca Provincial (Alameda de la Federaci\u00f3n 278, Paran\u00e1). La invitaci\u00f3n es libre y gratuita; requiere inscripci\u00f3n.<\/p>\n\n\n\n<p>El ciclo busca poner en valor y difundir la producci\u00f3n po\u00e9tica entrerriana; ha sido declarado de Inter\u00e9s Educativo por el Consejo General de Educaci\u00f3n, lo que permitir\u00e1 a los asistentes acceder a la certificaci\u00f3n correspondiente, con puntaje docente.<\/p>\n\n\n\n<p>En esta edici\u00f3n, el primer encuentro estar\u00e1 dedicado a recorrer el itinerario intelectual y po\u00e9tico de dos escritores nacidos en Gualeguaych\u00fa: Luis Mar\u00eda Gran\u00e9 (1893\u20131927) y Manuel Portela (1897\u20131949). El segundo tendr\u00e1 como figura central a la paranaense Carmen Segovia Garc\u00eda (1898\u20131964), cuya obra representa un exponente singular de la l\u00edrica entrerriana del siglo XX.<\/p>\n\n\n\n<p>Estas actividades forman parte de una l\u00ednea de trabajo sostenida desde principios de a\u00f1o, que busca ampliar el alcance territorial de la Biblioteca Provincial mediante el intercambio con bibliotecas populares de toda la provincia. El objetivo es fortalecer los v\u00ednculos interinstitucionales desde una perspectiva federal, promover el acceso a la bibliograf\u00eda entrerriana y compartir, en distintos espacios, los ciclos y propuestas culturales que se desarrollan de manera regular en la sede central.<\/p>\n\n\n\n<p>La inscripci\u00f3n es gratuita y el acceso es libre, pudiendo inscribirse a partir de los siguientes enlaces:<\/p>\n\n\n\n<p><em>Entre R\u00edos Cantada<\/em>&nbsp;en Gualeguaych\u00fa:&nbsp;<a href=\"https:\/\/forms.gle\/Q9XVk7NKf3DvkxyR7\" target=\"_blank\" rel=\"noreferrer noopener\">https:\/\/forms.gle\/Q9XVk7NKf3DvkxyR7<\/a><\/p>\n\n\n\n<p><em>Entre R\u00edos Cantada<\/em>&nbsp;en la Biblioteca Provincial:&nbsp;<a href=\"https:\/\/forms.gle\/cNxBFFPBrFgweJAA8\" target=\"_blank\" rel=\"noreferrer noopener\">https:\/\/forms.gle\/cNxBFFPBrFgweJAA8<\/a><\/p>\n\n\n\n<p><strong>Contacto:&nbsp;<\/strong><\/p>\n\n\n\n<p>Biblioteca Provincial. Tel\u00e9fono: 343 4224308<\/p>\n\n\n\n<p>E-mail:&nbsp;<a href=\"mailto:bibliotecadelaprovincia@gmail.com\" target=\"_blank\" rel=\"noreferrer noopener\">bibliotecadelaprovincia@gmail.com<\/a><\/p>\n\n\n\n<p><em>(Prensa Biblioteca Provincial)<\/em><\/p>\n","protected":false},"excerpt":{"rendered":"<p>Organizados por la Biblioteca Provincial, dependiente de la Secretar\u00eda de Cultura de Entre R\u00edos, las jornadas ser\u00e1n el 1\u00ba de agosto a las 18 en la Biblioteca Popular \u201cRodolfo A. Garc\u00eda\u201d de Gualeguaych\u00fa (Corrientes 223); y el 7 de agosto a las 17.30 en la Biblioteca Provincial (Alameda de la Federaci\u00f3n 278, Paran\u00e1). La invitaci\u00f3n [&hellip;]<\/p>\n","protected":false},"author":5,"featured_media":14401,"comment_status":"open","ping_status":"open","sticky":false,"template":"","format":"standard","meta":{"_et_pb_use_builder":"off","_et_pb_old_content":"","_et_gb_content_width":"","footnotes":""},"categories":[28,5],"tags":[],"class_list":["post-14400","post","type-post","status-publish","format-standard","has-post-thumbnail","hentry","category-noticias","category-biblioteca-provincial"],"_links":{"self":[{"href":"https:\/\/www.entrerios.gov.ar\/cultura\/wp-json\/wp\/v2\/posts\/14400","targetHints":{"allow":["GET"]}}],"collection":[{"href":"https:\/\/www.entrerios.gov.ar\/cultura\/wp-json\/wp\/v2\/posts"}],"about":[{"href":"https:\/\/www.entrerios.gov.ar\/cultura\/wp-json\/wp\/v2\/types\/post"}],"author":[{"embeddable":true,"href":"https:\/\/www.entrerios.gov.ar\/cultura\/wp-json\/wp\/v2\/users\/5"}],"replies":[{"embeddable":true,"href":"https:\/\/www.entrerios.gov.ar\/cultura\/wp-json\/wp\/v2\/comments?post=14400"}],"version-history":[{"count":1,"href":"https:\/\/www.entrerios.gov.ar\/cultura\/wp-json\/wp\/v2\/posts\/14400\/revisions"}],"predecessor-version":[{"id":14402,"href":"https:\/\/www.entrerios.gov.ar\/cultura\/wp-json\/wp\/v2\/posts\/14400\/revisions\/14402"}],"wp:featuredmedia":[{"embeddable":true,"href":"https:\/\/www.entrerios.gov.ar\/cultura\/wp-json\/wp\/v2\/media\/14401"}],"wp:attachment":[{"href":"https:\/\/www.entrerios.gov.ar\/cultura\/wp-json\/wp\/v2\/media?parent=14400"}],"wp:term":[{"taxonomy":"category","embeddable":true,"href":"https:\/\/www.entrerios.gov.ar\/cultura\/wp-json\/wp\/v2\/categories?post=14400"},{"taxonomy":"post_tag","embeddable":true,"href":"https:\/\/www.entrerios.gov.ar\/cultura\/wp-json\/wp\/v2\/tags?post=14400"}],"curies":[{"name":"wp","href":"https:\/\/api.w.org\/{rel}","templated":true}]}}