{"id":14406,"date":"2025-07-25T11:07:00","date_gmt":"2025-07-25T11:07:00","guid":{"rendered":"https:\/\/www.entrerios.gov.ar\/cultura\/?p=14406"},"modified":"2025-07-24T17:09:01","modified_gmt":"2025-07-24T17:09:01","slug":"el-museo-provincial-antonio-serrano-celebra-el-dia-del-arbol-entrerriano-en-general-galarza","status":"publish","type":"post","link":"https:\/\/www.entrerios.gov.ar\/cultura\/el-museo-provincial-antonio-serrano-celebra-el-dia-del-arbol-entrerriano-en-general-galarza\/","title":{"rendered":"El Museo Provincial Antonio Serrano celebra el D\u00eda del \u00c1rbol Entrerriano en General Galarza"},"content":{"rendered":"\n<p>Ser\u00e1 este lunes 28 de julio a las 10, en el Paseo del Ferrocarril de esa ciudad. Es una iniciativa del Museo Provincial de Ciencias Naturales y Antropol\u00f3gicas \u201cProf. Antonio Serrano\u201d, dependiente de la Secretar\u00eda de Cultura de Entre R\u00edos, junto a la Municipalidad de General Galarza. La jornada ser\u00e1 abierta para todo p\u00fablico y contar\u00e1 con la conducci\u00f3n del poeta, m\u00fasico y promotor cultural Roberto Romani.<\/p>\n\n\n\n<p>La propuesta busca celebrar el valor simb\u00f3lico, ambiental y cultural de los \u00e1rboles nativos de Entre R\u00edos. Como acto central, se llevar\u00e1 a cabo la plantaci\u00f3n de dos especies representativas del paisaje natural entrerriano: un aromito donado por el Museo, especie declarada \u201c\u00e1rbol emblem\u00e1tico de la provincia\u201d ( Ley N\u00b0 10.996, sancionada el 18 de agosto de 2022); y un aguaribay, donado por la Asociaci\u00f3n de Amigos Linares Cardozo.<\/p>\n\n\n\n<p>Este \u00faltimo gesto tiene un valor especialmente emotivo: los aguaribay provienen de semillas del \u00e1rbol que perteneciera al maestro Linares Cardozo, figura fundamental de la cultura entrerriana \u2014compositor, poeta, docente y defensor del monte nativo y la identidad litorale\u00f1a\u2014. Cada a\u00f1o, la Asociaci\u00f3n de Amigos propaga estos ejemplares y los dona a plazas y espacios p\u00fablicos, como s\u00edmbolo de memoria, pertenencia y conciencia ambiental.<\/p>\n\n\n\n<p>La actividad es abierta a todo p\u00fablico, con especial invitaci\u00f3n a escuelas, instituciones locales, vecinos y familias de la regi\u00f3n.&nbsp;<\/p>\n\n\n\n<p><strong>D\u00eda del \u00c1rbol Entrerriano<\/strong><\/p>\n\n\n\n<p>La fecha fue instituida mediante la Ley Provincial N.\u00ba 1.476 en el a\u00f1o 1901, en homenaje a la fecha de fundaci\u00f3n del Colegio del Uruguay (28 de julio de 1849), una de las instituciones educativas m\u00e1s emblem\u00e1ticas de la regi\u00f3n. Desde entonces, cada 28 de julio se busca resaltar el valor del \u00e1rbol nativo como componente fundamental del paisaje, la econom\u00eda, la cultura y el equilibrio ecol\u00f3gico de la provincia.<\/p>\n\n\n\n<p><strong>Un compromiso con la tierra y la comunidad<\/strong><\/p>\n\n\n\n<p>Desde su creaci\u00f3n, el Museo Antonio Serrano ha sostenido un firme compromiso con la educaci\u00f3n ambiental, la difusi\u00f3n cient\u00edfica y la defensa del patrimonio natural de Entre R\u00edos. La actividad forma parte de una pol\u00edtica p\u00fablica que articula ciencia, cultura y comunidad, sembrando conciencia y amor por los ecosistemas aut\u00f3ctonos. Esta plantaci\u00f3n se incluye en un programa de arbolado con especies nativas impulsado por el Museo, que busca poblar los espacios p\u00fablicos de la provincia con especies aut\u00f3ctonas. En este sentido, ya se han realizado actividades similares en otras localidades entrerrianas.<\/p>\n","protected":false},"excerpt":{"rendered":"<p>Ser\u00e1 este lunes 28 de julio a las 10, en el Paseo del Ferrocarril de esa ciudad. Es una iniciativa del Museo Provincial de Ciencias Naturales y Antropol\u00f3gicas \u201cProf. Antonio Serrano\u201d, dependiente de la Secretar\u00eda de Cultura de Entre R\u00edos, junto a la Municipalidad de General Galarza. La jornada ser\u00e1 abierta para todo p\u00fablico y [&hellip;]<\/p>\n","protected":false},"author":5,"featured_media":14407,"comment_status":"open","ping_status":"open","sticky":false,"template":"","format":"standard","meta":{"_et_pb_use_builder":"off","_et_pb_old_content":"","_et_gb_content_width":"","footnotes":""},"categories":[28,8],"tags":[],"class_list":["post-14406","post","type-post","status-publish","format-standard","has-post-thumbnail","hentry","category-noticias","category-museo-ciencias-naturales"],"_links":{"self":[{"href":"https:\/\/www.entrerios.gov.ar\/cultura\/wp-json\/wp\/v2\/posts\/14406","targetHints":{"allow":["GET"]}}],"collection":[{"href":"https:\/\/www.entrerios.gov.ar\/cultura\/wp-json\/wp\/v2\/posts"}],"about":[{"href":"https:\/\/www.entrerios.gov.ar\/cultura\/wp-json\/wp\/v2\/types\/post"}],"author":[{"embeddable":true,"href":"https:\/\/www.entrerios.gov.ar\/cultura\/wp-json\/wp\/v2\/users\/5"}],"replies":[{"embeddable":true,"href":"https:\/\/www.entrerios.gov.ar\/cultura\/wp-json\/wp\/v2\/comments?post=14406"}],"version-history":[{"count":1,"href":"https:\/\/www.entrerios.gov.ar\/cultura\/wp-json\/wp\/v2\/posts\/14406\/revisions"}],"predecessor-version":[{"id":14408,"href":"https:\/\/www.entrerios.gov.ar\/cultura\/wp-json\/wp\/v2\/posts\/14406\/revisions\/14408"}],"wp:featuredmedia":[{"embeddable":true,"href":"https:\/\/www.entrerios.gov.ar\/cultura\/wp-json\/wp\/v2\/media\/14407"}],"wp:attachment":[{"href":"https:\/\/www.entrerios.gov.ar\/cultura\/wp-json\/wp\/v2\/media?parent=14406"}],"wp:term":[{"taxonomy":"category","embeddable":true,"href":"https:\/\/www.entrerios.gov.ar\/cultura\/wp-json\/wp\/v2\/categories?post=14406"},{"taxonomy":"post_tag","embeddable":true,"href":"https:\/\/www.entrerios.gov.ar\/cultura\/wp-json\/wp\/v2\/tags?post=14406"}],"curies":[{"name":"wp","href":"https:\/\/api.w.org\/{rel}","templated":true}]}}