{"id":14410,"date":"2025-07-24T21:04:03","date_gmt":"2025-07-24T21:04:03","guid":{"rendered":"https:\/\/www.entrerios.gov.ar\/cultura\/?p=14410"},"modified":"2025-07-25T12:42:10","modified_gmt":"2025-07-25T12:42:10","slug":"invitan-a-participar-del-primer-encuentro-entrerriano-de-artes-visuales","status":"publish","type":"post","link":"https:\/\/www.entrerios.gov.ar\/cultura\/invitan-a-participar-del-primer-encuentro-entrerriano-de-artes-visuales\/","title":{"rendered":"Invitan a participar del primer Encuentro Entrerriano de Artes Visuales"},"content":{"rendered":"\n<p>El evento ser\u00e1 del viernes 1 al domingo 3 de agosto en Chajar\u00ed, con acceso libre y gratuito. Habr\u00e1 exposiciones, actividades especiales, propuestas formativas y un festival de dibujo. Organiza la Secretar\u00eda de Cultura de Entre R\u00edos junto al Gobierno de Chajar\u00ed. La&nbsp; programaci\u00f3n completa se puede consultar online.&nbsp;<\/p>\n\n\n\n<p>Las actividades comenzar\u00e1n el viernes 1 de agosto a las 18:30 con la presentaci\u00f3n del libro La Paternal Espacio Proyecto. Arte y gesti\u00f3n desde el territorio. Cultura colaborativa, de Fran Paredes en la Biblioteca La Lechuza.&nbsp;<\/p>\n\n\n\n<p>A las 20 tendr\u00e1 lugar la apertura institucional del evento en el Centro Cultural Constantino Caballaro, con la presencia de autoridades, organizadores y participantes. Seguidamente se inaugurar\u00e1n las propuestas seleccionadas en una convocatoria provincial dentro de la categor\u00eda Site Specific, Manojo &#8211; una acci\u00f3n c\u00edtrica social de Guido Bertos y Bel\u00e9n Antola; y la Exposici\u00f3n Donde se curva el horizonte, con obras de artistas de distintas localidades entrerrianas.&nbsp;<\/p>\n\n\n\n<p>El d\u00eda s\u00e1bado 2 de agosto la jornada comenzar\u00e1 a las 11 con una mesa de trabajo denominada Trama viva del territorio visual. Diagn\u00f3stico creativo y federal de las artes visuales en Entre R\u00edos, coordinado por Sergio Otero y Diana Campos. Por la tarde las propuestas incluyen una charla coordinada por Federico Rold\u00e1n Vukonich; y la inauguraci\u00f3n del Proyecto curatorial seleccionado, Tintes del litoral: memorias vegetales de Beatriz Vallaro, a las 20 en la galer\u00eda de arte Olga Noya.&nbsp;<\/p>\n\n\n\n<p>El encuentro finalizar\u00e1 el domingo con la continuaci\u00f3n de la mesa de trabajo iniciada el d\u00eda anterior y una actividad de cierre denominada <em>Festi en la Estaci\u00f3n<\/em>, que consiste en un festival de dibujo, m\u00fasica, teatro, visuales, jam de dibujo, acci\u00f3n perform\u00e1tica, talleres. Este evento est\u00e1 programado en la explanada de la Ex Estaci\u00f3n del Ferrocarril de 14 a 18.&nbsp;<\/p>\n\n\n\n<p>Paralelamente a la programaci\u00f3n central se suceder\u00e1n distintos talleres gratuitos. Las instancias de formaci\u00f3n requieren inscripci\u00f3n previa, para lo cual se sugiere consultar por cupos <a href=\"https:\/\/forms.gle\/3SABGY8fBh2dJQ7G8\" target=\"_blank\" rel=\"noreferrer noopener\">AQU\u00cd<\/a>&nbsp;<\/p>\n\n\n\n<p>La agenda completa est\u00e1 disponible en el siguiente <a href=\"https:\/\/drive.google.com\/file\/d\/1Hao2-Rz871g_cWg5ybRcg_npTBTy1mMg\/view?usp=sharing\" target=\"_blank\" rel=\"noreferrer noopener\">ENLACE<\/a><\/p>\n\n\n\n<p>Cabe destacar que en su convocatoria el Encuentro tuvo tres categor\u00edas (Proyecto curatorial, Site specific y&nbsp; Exposici\u00f3n) y una alta participaci\u00f3n federal. El jurado de selecci\u00f3n estuvo conformado por Victoria Cobos, Marcos Kramer y Estefan\u00eda Santiago.&nbsp;<\/p>\n\n\n\n<p>El Encuentro Entrerriano de Artes Visuales es parte del programa anual CUAC! (Cultura Activa), una propuesta itinerante de la Secretar\u00eda de Cultura de Entre R\u00edos que re\u00fane distintas actividades culturales con presencia en distintos puntos de la provincia.&nbsp;<\/p>\n","protected":false},"excerpt":{"rendered":"<p>El evento ser\u00e1 del viernes 1 al domingo 3 de agosto en Chajar\u00ed, con acceso libre y gratuito. Habr\u00e1 exposiciones, actividades especiales, propuestas formativas y un festival de dibujo. Organiza la Secretar\u00eda de Cultura de Entre R\u00edos junto al Gobierno de Chajar\u00ed. La&nbsp; programaci\u00f3n completa se puede consultar online.&nbsp; Las actividades comenzar\u00e1n el viernes 1 [&hellip;]<\/p>\n","protected":false},"author":5,"featured_media":14411,"comment_status":"open","ping_status":"open","sticky":false,"template":"","format":"standard","meta":{"_et_pb_use_builder":"off","_et_pb_old_content":"","_et_gb_content_width":"","footnotes":""},"categories":[28],"tags":[],"class_list":["post-14410","post","type-post","status-publish","format-standard","has-post-thumbnail","hentry","category-noticias"],"_links":{"self":[{"href":"https:\/\/www.entrerios.gov.ar\/cultura\/wp-json\/wp\/v2\/posts\/14410","targetHints":{"allow":["GET"]}}],"collection":[{"href":"https:\/\/www.entrerios.gov.ar\/cultura\/wp-json\/wp\/v2\/posts"}],"about":[{"href":"https:\/\/www.entrerios.gov.ar\/cultura\/wp-json\/wp\/v2\/types\/post"}],"author":[{"embeddable":true,"href":"https:\/\/www.entrerios.gov.ar\/cultura\/wp-json\/wp\/v2\/users\/5"}],"replies":[{"embeddable":true,"href":"https:\/\/www.entrerios.gov.ar\/cultura\/wp-json\/wp\/v2\/comments?post=14410"}],"version-history":[{"count":3,"href":"https:\/\/www.entrerios.gov.ar\/cultura\/wp-json\/wp\/v2\/posts\/14410\/revisions"}],"predecessor-version":[{"id":14414,"href":"https:\/\/www.entrerios.gov.ar\/cultura\/wp-json\/wp\/v2\/posts\/14410\/revisions\/14414"}],"wp:featuredmedia":[{"embeddable":true,"href":"https:\/\/www.entrerios.gov.ar\/cultura\/wp-json\/wp\/v2\/media\/14411"}],"wp:attachment":[{"href":"https:\/\/www.entrerios.gov.ar\/cultura\/wp-json\/wp\/v2\/media?parent=14410"}],"wp:term":[{"taxonomy":"category","embeddable":true,"href":"https:\/\/www.entrerios.gov.ar\/cultura\/wp-json\/wp\/v2\/categories?post=14410"},{"taxonomy":"post_tag","embeddable":true,"href":"https:\/\/www.entrerios.gov.ar\/cultura\/wp-json\/wp\/v2\/tags?post=14410"}],"curies":[{"name":"wp","href":"https:\/\/api.w.org\/{rel}","templated":true}]}}