{"id":14419,"date":"2025-07-25T13:35:25","date_gmt":"2025-07-25T13:35:25","guid":{"rendered":"https:\/\/www.entrerios.gov.ar\/cultura\/?p=14419"},"modified":"2025-07-25T13:35:27","modified_gmt":"2025-07-25T13:35:27","slug":"comienza-un-nuevo-ciclo-del-cineclub-del-iaaer","status":"publish","type":"post","link":"https:\/\/www.entrerios.gov.ar\/cultura\/comienza-un-nuevo-ciclo-del-cineclub-del-iaaer\/","title":{"rendered":"Comienza un nuevo ciclo del Cineclub del IAAER"},"content":{"rendered":"\n<p>La primera funci\u00f3n ser\u00e1 este martes a las 19 en la Sala Rub\u00e9n Noble (Gregoria Matorras 861, de Paran\u00e1), con la proyecci\u00f3n de La guerra del fuego (1981), de Jean-Jacques Annaud. El acceso es libre y gratuito. Organiza la Secretar\u00eda de Cultura de la provincia a trav\u00e9s del Instituto Aut\u00e1rquico Audiovisual de Entre R\u00edos (IAAER).&nbsp;<\/p>\n\n\n\n<p>Esta nueva programaci\u00f3n de pel\u00edculas se agrupa bajo el t\u00edtulo <em>Bordes de mundo. Forma del encuentro.<\/em>&nbsp;<\/p>\n\n\n\n<p>La pel\u00edcula &#8220;La guerra del fuego&#8221; (1981), dirigida por Jean-Jacques Annaud, es una trama ambientada en la prehistoria que narra sobre una tribu que busca el fuego como forma de supervivencia. Es tambi\u00e9n conocida como &#8220;En busca del fuego&#8221;, una coproducci\u00f3n franco-canadiense basada en la novela de J.-H. Rosny a\u00een\u00e9, del mismo t\u00edtulo. La historia se centra en tres guerreros de la tribu Ulam que deben emprender un peligroso viaje para encontrar una nueva fuente de fuego despu\u00e9s de perder la suya en una batalla.<\/p>\n\n\n\n<p><strong>Apuntando a distintos tipos de p\u00fablicos<\/strong><\/p>\n\n\n\n<p>La propuesta de este nuevo ciclo se genera en la idea del encuentro de mundos y lo que sucede con sus contactos, fusiones, articulaciones y conflictos. Las reacciones diferentes frente al encuentro inexorable con lo propiamente humano, con sus bondades y sus miserias.<\/p>\n\n\n\n<p>Esta programaci\u00f3n de julio-agosto se suma a un proyecto del IAAER que se desarrolla desde el a\u00f1o pasado, ofreciendo en cada entrega distintas tem\u00e1ticas, criterios de realizaci\u00f3n, modos de hacer cine, vanguardias, rescates, documentales, etc.&nbsp;<\/p>\n\n\n\n<p><strong>Pr\u00f3ximas proyecciones<\/strong><\/p>\n\n\n\n<p>Siempre los martes a las 19 en la Sala Noble del IAAER, con acceso libre y gratuito.<\/p>\n\n\n\n<p>Martes 5: El canto de la selva (2019, Brasil), de los directores Ren\u00e9e Nader Messora, Jo\u00e3o Salaviza.<\/p>\n\n\n\n<p>Martes 12: El etn\u00f3grafo, (2012) \u00faltimo documental del cineasta Ulises Rosell.<\/p>\n\n\n\n<p>El objetivo del Cineclub del IAAER es generar un espacio de participaci\u00f3n para que la ciudadan\u00eda tenga acceso a bienes culturales en forma gratuita, considerando siempre la posibilidad de llegar a diversos p\u00fablicos cin\u00e9filos y distintas edades.<\/p>\n\n\n\n<p><em>(Prensa IAAER)<\/em><\/p>\n","protected":false},"excerpt":{"rendered":"<p>La primera funci\u00f3n ser\u00e1 este martes a las 19 en la Sala Rub\u00e9n Noble (Gregoria Matorras 861, de Paran\u00e1), con la proyecci\u00f3n de La guerra del fuego (1981), de Jean-Jacques Annaud. El acceso es libre y gratuito. Organiza la Secretar\u00eda de Cultura de la provincia a trav\u00e9s del Instituto Aut\u00e1rquico Audiovisual de Entre R\u00edos (IAAER).&nbsp; [&hellip;]<\/p>\n","protected":false},"author":5,"featured_media":14420,"comment_status":"open","ping_status":"open","sticky":false,"template":"","format":"standard","meta":{"_et_pb_use_builder":"off","_et_pb_old_content":"","_et_gb_content_width":"","footnotes":""},"categories":[28,4],"tags":[],"class_list":["post-14419","post","type-post","status-publish","format-standard","has-post-thumbnail","hentry","category-noticias","category-iaaer"],"_links":{"self":[{"href":"https:\/\/www.entrerios.gov.ar\/cultura\/wp-json\/wp\/v2\/posts\/14419","targetHints":{"allow":["GET"]}}],"collection":[{"href":"https:\/\/www.entrerios.gov.ar\/cultura\/wp-json\/wp\/v2\/posts"}],"about":[{"href":"https:\/\/www.entrerios.gov.ar\/cultura\/wp-json\/wp\/v2\/types\/post"}],"author":[{"embeddable":true,"href":"https:\/\/www.entrerios.gov.ar\/cultura\/wp-json\/wp\/v2\/users\/5"}],"replies":[{"embeddable":true,"href":"https:\/\/www.entrerios.gov.ar\/cultura\/wp-json\/wp\/v2\/comments?post=14419"}],"version-history":[{"count":1,"href":"https:\/\/www.entrerios.gov.ar\/cultura\/wp-json\/wp\/v2\/posts\/14419\/revisions"}],"predecessor-version":[{"id":14421,"href":"https:\/\/www.entrerios.gov.ar\/cultura\/wp-json\/wp\/v2\/posts\/14419\/revisions\/14421"}],"wp:featuredmedia":[{"embeddable":true,"href":"https:\/\/www.entrerios.gov.ar\/cultura\/wp-json\/wp\/v2\/media\/14420"}],"wp:attachment":[{"href":"https:\/\/www.entrerios.gov.ar\/cultura\/wp-json\/wp\/v2\/media?parent=14419"}],"wp:term":[{"taxonomy":"category","embeddable":true,"href":"https:\/\/www.entrerios.gov.ar\/cultura\/wp-json\/wp\/v2\/categories?post=14419"},{"taxonomy":"post_tag","embeddable":true,"href":"https:\/\/www.entrerios.gov.ar\/cultura\/wp-json\/wp\/v2\/tags?post=14419"}],"curies":[{"name":"wp","href":"https:\/\/api.w.org\/{rel}","templated":true}]}}