{"id":14426,"date":"2025-07-26T15:43:36","date_gmt":"2025-07-26T15:43:36","guid":{"rendered":"https:\/\/www.entrerios.gov.ar\/cultura\/?p=14426"},"modified":"2025-07-26T15:43:37","modified_gmt":"2025-07-26T15:43:37","slug":"fortalecen-la-accesibilidad-al-patrimonio-del-museo-casa-de-gobierno","status":"publish","type":"post","link":"https:\/\/www.entrerios.gov.ar\/cultura\/fortalecen-la-accesibilidad-al-patrimonio-del-museo-casa-de-gobierno\/","title":{"rendered":"Fortalecen la accesibilidad al patrimonio del Museo Casa de Gobierno\u00a0"},"content":{"rendered":"\n<p>Con el objetivo de avanzar en la mejora de la accesibilidad se implementan acciones de colaboraci\u00f3n entre la Secretar\u00eda de Cultura de Entre R\u00edos, el Instituto Provincial de Rehabilitaci\u00f3n y Discapacidad (IPRODI) y el \u00e1rea de Turismo Social.<\/p>\n\n\n\n<p>El Museo Casa de Gobierno recibi\u00f3 a residentes y al personal del Hogar Fidanza, de Colonia Ensayo (Diamante), quienes tuvieron la oportunidad de recorrer las salas del museo y participar en diversas actividades dise\u00f1adas para promover una experiencia inclusiva. Durante la jornada, tambi\u00e9n se realiz\u00f3 un recorrido por los patios de la Casa de Gobierno, ampliando as\u00ed la accesibilidad a diferentes espacios de la cultura y el patrimonio local.<\/p>\n\n\n\n<p>Uno de los momentos m\u00e1s destacados del encuentro fue la presentaci\u00f3n de una bandera, realizada de manera exclusiva por los residentes del Hogar Fidanza, la cual fue creada para presentarla en el museo. El s\u00edmbolo fue elaborado con el prop\u00f3sito de dar a conocer su propuesta en el marco de la convocatoria Vexilolog\u00eda de Entre R\u00edos, impulsada por el museo con el objetivo de fortalecer el sentido de pertenencia e identidad de los visitantes, promoviendo su participaci\u00f3n activa en los espacios culturales.<\/p>\n\n\n\n<figure class=\"wp-block-image\"><img loading=\"lazy\" decoding=\"async\" width=\"1600\" height=\"1067\" src=\"https:\/\/www.entrerios.gov.ar\/cultura\/wp-content\/uploads\/2025\/07\/AD_4nXcGugPzkTcIxVhQPRR1UkMkmTxy6xmNE8B2jK09M56KeSLx-mX25mtEAf4yoo5bM4f4XGl-xIqtmT2788ZFdU28EviGcLxSqOgssLFkNE67sFAxblKMRsBk7BLLRxVs_7kK7-ohNA.jpg\" alt=\"\" class=\"wp-image-14428\" srcset=\"https:\/\/www.entrerios.gov.ar\/cultura\/wp-content\/uploads\/2025\/07\/AD_4nXcGugPzkTcIxVhQPRR1UkMkmTxy6xmNE8B2jK09M56KeSLx-mX25mtEAf4yoo5bM4f4XGl-xIqtmT2788ZFdU28EviGcLxSqOgssLFkNE67sFAxblKMRsBk7BLLRxVs_7kK7-ohNA.jpg 1600w, https:\/\/www.entrerios.gov.ar\/cultura\/wp-content\/uploads\/2025\/07\/AD_4nXcGugPzkTcIxVhQPRR1UkMkmTxy6xmNE8B2jK09M56KeSLx-mX25mtEAf4yoo5bM4f4XGl-xIqtmT2788ZFdU28EviGcLxSqOgssLFkNE67sFAxblKMRsBk7BLLRxVs_7kK7-ohNA-1280x854.jpg 1280w, https:\/\/www.entrerios.gov.ar\/cultura\/wp-content\/uploads\/2025\/07\/AD_4nXcGugPzkTcIxVhQPRR1UkMkmTxy6xmNE8B2jK09M56KeSLx-mX25mtEAf4yoo5bM4f4XGl-xIqtmT2788ZFdU28EviGcLxSqOgssLFkNE67sFAxblKMRsBk7BLLRxVs_7kK7-ohNA-980x654.jpg 980w, https:\/\/www.entrerios.gov.ar\/cultura\/wp-content\/uploads\/2025\/07\/AD_4nXcGugPzkTcIxVhQPRR1UkMkmTxy6xmNE8B2jK09M56KeSLx-mX25mtEAf4yoo5bM4f4XGl-xIqtmT2788ZFdU28EviGcLxSqOgssLFkNE67sFAxblKMRsBk7BLLRxVs_7kK7-ohNA-480x320.jpg 480w\" sizes=\"auto, (min-width: 0px) and (max-width: 480px) 480px, (min-width: 481px) and (max-width: 980px) 980px, (min-width: 981px) and (max-width: 1280px) 1280px, (min-width: 1281px) 1600px, 100vw\" \/><\/figure>\n\n\n\n<p>El IPRODI, bajo la \u00f3rbita de la Secretar\u00eda de Pol\u00edticas del Cuidado, trabaja de manera constante para crear espacios que favorezcan el desarrollo integral de las personas con discapacidad, brindando acompa\u00f1amiento y apoyando el fortalecimiento de su autonom\u00eda e independencia.<\/p>\n\n\n\n<p>Estas acciones forman parte de un compromiso continuo para hacer del museo un espacio accesible e inclusivo para todas las personas, garantizando la plena participaci\u00f3n en la vida cultural y social de sus visitantes.<\/p>\n\n\n\n<p><em>Prensa Museo Casa de Gobierno<\/em><\/p>\n","protected":false},"excerpt":{"rendered":"<p>Con el objetivo de avanzar en la mejora de la accesibilidad se implementan acciones de colaboraci\u00f3n entre la Secretar\u00eda de Cultura de Entre R\u00edos, el Instituto Provincial de Rehabilitaci\u00f3n y Discapacidad (IPRODI) y el \u00e1rea de Turismo Social. El Museo Casa de Gobierno recibi\u00f3 a residentes y al personal del Hogar Fidanza, de Colonia Ensayo [&hellip;]<\/p>\n","protected":false},"author":5,"featured_media":14427,"comment_status":"open","ping_status":"open","sticky":false,"template":"","format":"standard","meta":{"_et_pb_use_builder":"off","_et_pb_old_content":"","_et_gb_content_width":"","footnotes":""},"categories":[28,11],"tags":[],"class_list":["post-14426","post","type-post","status-publish","format-standard","has-post-thumbnail","hentry","category-noticias","category-museo-casa-de-gobierno"],"_links":{"self":[{"href":"https:\/\/www.entrerios.gov.ar\/cultura\/wp-json\/wp\/v2\/posts\/14426","targetHints":{"allow":["GET"]}}],"collection":[{"href":"https:\/\/www.entrerios.gov.ar\/cultura\/wp-json\/wp\/v2\/posts"}],"about":[{"href":"https:\/\/www.entrerios.gov.ar\/cultura\/wp-json\/wp\/v2\/types\/post"}],"author":[{"embeddable":true,"href":"https:\/\/www.entrerios.gov.ar\/cultura\/wp-json\/wp\/v2\/users\/5"}],"replies":[{"embeddable":true,"href":"https:\/\/www.entrerios.gov.ar\/cultura\/wp-json\/wp\/v2\/comments?post=14426"}],"version-history":[{"count":1,"href":"https:\/\/www.entrerios.gov.ar\/cultura\/wp-json\/wp\/v2\/posts\/14426\/revisions"}],"predecessor-version":[{"id":14429,"href":"https:\/\/www.entrerios.gov.ar\/cultura\/wp-json\/wp\/v2\/posts\/14426\/revisions\/14429"}],"wp:featuredmedia":[{"embeddable":true,"href":"https:\/\/www.entrerios.gov.ar\/cultura\/wp-json\/wp\/v2\/media\/14427"}],"wp:attachment":[{"href":"https:\/\/www.entrerios.gov.ar\/cultura\/wp-json\/wp\/v2\/media?parent=14426"}],"wp:term":[{"taxonomy":"category","embeddable":true,"href":"https:\/\/www.entrerios.gov.ar\/cultura\/wp-json\/wp\/v2\/categories?post=14426"},{"taxonomy":"post_tag","embeddable":true,"href":"https:\/\/www.entrerios.gov.ar\/cultura\/wp-json\/wp\/v2\/tags?post=14426"}],"curies":[{"name":"wp","href":"https:\/\/api.w.org\/{rel}","templated":true}]}}