{"id":14437,"date":"2025-07-29T11:03:46","date_gmt":"2025-07-29T11:03:46","guid":{"rendered":"https:\/\/www.entrerios.gov.ar\/cultura\/?p=14437"},"modified":"2025-07-28T17:03:56","modified_gmt":"2025-07-28T17:03:56","slug":"el-encuentro-entrerriano-de-artes-visuales-tendra-un-festival-y-actividades-especiales-gratuitas","status":"publish","type":"post","link":"https:\/\/www.entrerios.gov.ar\/cultura\/el-encuentro-entrerriano-de-artes-visuales-tendra-un-festival-y-actividades-especiales-gratuitas\/","title":{"rendered":"El Encuentro Entrerriano de Artes Visuales tendr\u00e1 un festival y actividades especiales gratuitas"},"content":{"rendered":"\n<p>El evento se realizar\u00e1 del 1 al 3 de agosto en Chajar\u00ed con una agenda para artistas de la provincia y abierta a la comunidad. En el marco de la programaci\u00f3n, el domingo habr\u00e1 un festival de dibujo para toda la familia. Organiza la Secretar\u00eda de Cultura de Entre R\u00edos junto al Gobierno de Chajar\u00ed.&nbsp;<\/p>\n\n\n\n<p>El viernes a las 18:30 se presentar\u00e1 el libro La Paternal Espacio Proyecto. Arte y gesti\u00f3n desde el territorio. Cultura colaborativa. Su autor es Fran Paredes. Esta propuesta ser\u00e1 en la Biblioteca La Lechuza.&nbsp;<\/p>\n\n\n\n<p>El s\u00e1bado 2 de agosto la jornada comenzar\u00e1 a las 11 con una mesa de trabajo denominada <em>Trama viva del territorio visual. Diagn\u00f3stico creativo y federal de las artes visuales en Entre R\u00edos,<\/em> coordinado por Sergio Otero y Diana Campos. En encuentro se propone comprender en profundidad el estado actual del sector de las artes visuales en la provincia y ofrecer un espacio de escucha y trabajo colaborativo que recoja las voces, experiencias y perspectivas situadas de quienes conforman este campo diverso y en constante transformaci\u00f3n. La actividad tendr\u00e1 una segunda parte el domingo en el mismo horario, en el Centro Cultural Municipal Constantino Caballaro (9 de Julio y Salvarredy).&nbsp;<\/p>\n\n\n\n<p>Por la tarde del s\u00e1bado &#8211; a las 18 en el mismo Centro Cultural-&nbsp; Federico Rold\u00e1n Vukonich coordinar\u00e1 la charla <em>Trazar una trayectoria: entre la producci\u00f3n, la escena y la circulaci\u00f3n, <\/em>destinada a artistas visuales, gestores culturales, curadores, docentes y a toda persona vinculada a las artes visuales. La charla propone una reflexi\u00f3n a partir de la experiencia personal como artista visual en relaci\u00f3n con los distintos ejes que conforman una pr\u00e1ctica sostenida en el tiempo: la producci\u00f3n de obra, la inserci\u00f3n en el circuito art\u00edstico y las formas de circulaci\u00f3n en el mercado. A partir de la experiencia individual y concreta, se abordar\u00e1n estrategias, tensiones y aprendizajes vinculados a la construcci\u00f3n de una trayectoria en di\u00e1logo con el contexto institucional, la autogesti\u00f3n y los modos de profesionalizaci\u00f3n posibles hoy.<\/p>\n\n\n\n<p>El encuentro finalizar\u00e1 el domingo con una actividad de cierre denominada <em>Festi en la Estaci\u00f3n<\/em>, que consiste en un festival de dibujo, m\u00fasica, teatro, visuales, jam de dibujo, acci\u00f3n perform\u00e1tica y talleres. Se celebrar\u00e1 el cierre del Encuentro Provincial de Artes visuales con propuestas gratuitas y en simult\u00e1neo donde los artistas compartir\u00e1n su trabajo en vivo. En el<em> Festi l<\/em>a comunidad podr\u00e1 sumarse a las actividades al aire libre y llevar sus materiales para dibujar. Ser\u00e1 en la explanada de la Ex Estaci\u00f3n del Ferrocarril de 14 a 18.&nbsp;<\/p>\n\n\n\n<p>De la instancia espec\u00edfica del Festival participar\u00e1n las siguientes propuestas:&nbsp;<\/p>\n\n\n\n<p>-Taller para infancias <em>Las huellas del r\u00edo<\/em>, coordinado por Lu \u00c1vila y Gabriela Rubinich<\/p>\n\n\n\n<p>-Espacio <em>Dibujo en vivo. La mirada tierna, bocetado en vivo de objetos y fotos<\/em>, coordinado por Lu Scutell\u00e1<\/p>\n\n\n\n<p>&#8211; Intervenci\u00f3n <em>Cuerpo ambiente, una cartograf\u00eda sensible<\/em>, por Victoria Roldan<\/p>\n\n\n\n<p>-T<em>aller Municipal de Teatro de Chajar\u00ed<\/em>, a cargo de Clara Maydana<\/p>\n\n\n\n<p>-Espacio <em>Dibujo en vivo. Dibuja el momento<\/em>, coordinado por Migue Vesco<\/p>\n\n\n\n<p>-Taller <em>Exploraci\u00f3n de un (peque\u00f1o) universo gr\u00e1fico a trav\u00e9s del fanzine<\/em>, coordinado por Juan Dibuja<\/p>\n\n\n\n<p>-Actuaci\u00f3n del D\u00fao de Guitarras: <em>Edgardo Olivetti y Esteban Fangi<\/em><\/p>\n\n\n\n<p>-V<em>isuales en vivo<\/em> con Desidee y Dj Rayoloser<\/p>\n\n\n\n<p>La agenda completa est\u00e1 disponible en el siguiente <a href=\"https:\/\/drive.google.com\/file\/d\/1Hao2-Rz871g_cWg5ybRcg_npTBTy1mMg\/view?usp=sharing\" target=\"_blank\" rel=\"noreferrer noopener\">ENLACE<\/a><\/p>\n\n\n\n<p>El Encuentro Entrerriano de Artes Visuales es parte del programa anual CUAC! (Cultura Activa), una propuesta itinerante de la Secretar\u00eda de Cultura de Entre R\u00edos que re\u00fane distintas actividades culturales con presencia en distintos puntos de la provincia.&nbsp;<\/p>\n\n\n\n<p><em>Portada: Foto de archivo ilustrativa SCER<\/em><\/p>\n","protected":false},"excerpt":{"rendered":"<p>El evento se realizar\u00e1 del 1 al 3 de agosto en Chajar\u00ed con una agenda para artistas de la provincia y abierta a la comunidad. En el marco de la programaci\u00f3n, el domingo habr\u00e1 un festival de dibujo para toda la familia. Organiza la Secretar\u00eda de Cultura de Entre R\u00edos junto al Gobierno de Chajar\u00ed.&nbsp; [&hellip;]<\/p>\n","protected":false},"author":5,"featured_media":14431,"comment_status":"open","ping_status":"open","sticky":false,"template":"","format":"standard","meta":{"_et_pb_use_builder":"off","_et_pb_old_content":"","_et_gb_content_width":"","footnotes":""},"categories":[28],"tags":[],"class_list":["post-14437","post","type-post","status-publish","format-standard","has-post-thumbnail","hentry","category-noticias"],"_links":{"self":[{"href":"https:\/\/www.entrerios.gov.ar\/cultura\/wp-json\/wp\/v2\/posts\/14437","targetHints":{"allow":["GET"]}}],"collection":[{"href":"https:\/\/www.entrerios.gov.ar\/cultura\/wp-json\/wp\/v2\/posts"}],"about":[{"href":"https:\/\/www.entrerios.gov.ar\/cultura\/wp-json\/wp\/v2\/types\/post"}],"author":[{"embeddable":true,"href":"https:\/\/www.entrerios.gov.ar\/cultura\/wp-json\/wp\/v2\/users\/5"}],"replies":[{"embeddable":true,"href":"https:\/\/www.entrerios.gov.ar\/cultura\/wp-json\/wp\/v2\/comments?post=14437"}],"version-history":[{"count":2,"href":"https:\/\/www.entrerios.gov.ar\/cultura\/wp-json\/wp\/v2\/posts\/14437\/revisions"}],"predecessor-version":[{"id":14439,"href":"https:\/\/www.entrerios.gov.ar\/cultura\/wp-json\/wp\/v2\/posts\/14437\/revisions\/14439"}],"wp:featuredmedia":[{"embeddable":true,"href":"https:\/\/www.entrerios.gov.ar\/cultura\/wp-json\/wp\/v2\/media\/14431"}],"wp:attachment":[{"href":"https:\/\/www.entrerios.gov.ar\/cultura\/wp-json\/wp\/v2\/media?parent=14437"}],"wp:term":[{"taxonomy":"category","embeddable":true,"href":"https:\/\/www.entrerios.gov.ar\/cultura\/wp-json\/wp\/v2\/categories?post=14437"},{"taxonomy":"post_tag","embeddable":true,"href":"https:\/\/www.entrerios.gov.ar\/cultura\/wp-json\/wp\/v2\/tags?post=14437"}],"curies":[{"name":"wp","href":"https:\/\/api.w.org\/{rel}","templated":true}]}}