{"id":14448,"date":"2025-07-30T08:57:00","date_gmt":"2025-07-30T08:57:00","guid":{"rendered":"https:\/\/www.entrerios.gov.ar\/cultura\/?p=14448"},"modified":"2025-07-29T14:58:40","modified_gmt":"2025-07-29T14:58:40","slug":"se-lanza-la-segunda-edicion-de-la-escuela-itinerante-de-cine-en-la-provincia","status":"publish","type":"post","link":"https:\/\/www.entrerios.gov.ar\/cultura\/se-lanza-la-segunda-edicion-de-la-escuela-itinerante-de-cine-en-la-provincia\/","title":{"rendered":"Se lanza la segunda edici\u00f3n de la Escuela Itinerante de Cine en la provincia"},"content":{"rendered":"\n<p>Recorrer\u00e1 20 localidades entrerrianas con capacitaciones audiovisuales dirigidas a adolescentes de entre 13 y 18 a\u00f1os. Comienza este viernes 1\u00b0 de agosto. Organiza la Secretar\u00eda de Cultura de la provincia, a trav\u00e9s del Instituto Aut\u00e1rquico Audiovisual de Entre R\u00edos (IAAER), en conjunto con la Asociaci\u00f3n de Realizadores Audiovisuales de Entre R\u00edos (ARAER).<\/p>\n\n\n\n<p>Se trata de una propuesta federal de formaci\u00f3n para adolescentes que deseen incursionar en las nociones fundamentales del lenguaje audiovisual y vivir la experiencia de crear un videominuto colectivo.&nbsp;<\/p>\n\n\n\n<p>Se desarrollar\u00e1 en Diamante, Ram\u00edrez, Nogoy\u00e1, Cerrito, La Paz, Villaguay, Feliciano, Viale, Chajar\u00ed, Concordia, San Salvador, Villa Elisa, Liebig, Basavilbaso, Concepci\u00f3n del Uruguay, Rosario del Tala, Gualeguaych\u00fa, Gualeguay, Oro Verde y Villa Paranacito.<\/p>\n\n\n\n<p>El objetivo de estos talleres es impulsar pol\u00edticas culturales inclusivas que garanticen el acceso equitativo al cine y la formaci\u00f3n audiovisual en cada rinc\u00f3n de la provincia. Las clases ser\u00e1n dictadas por talleristas entrerrianos\/as integrantes de ARAER y la convocatoria estar\u00e1 organizada y coordinada a trav\u00e9s del IAAER y la Secretar\u00eda de Cultura de Entre R\u00edos.<\/p>\n\n\n\n<p>Para m\u00e1s informaci\u00f3n sobre implementaci\u00f3n en cada una de las sedes se puede escribir a las redes de ARAER @araentrerios<\/p>\n\n\n\n<p>Tambi\u00e9n ingresando a:&nbsp;<a href=\"https:\/\/docs.google.com\/spreadsheets\/d\/1QYqsqb0xpNdKr3VC1sO5SmZ6tnt57EhtPldxqfF_oxk\/edit?usp=drive_link\" target=\"_blank\" rel=\"noreferrer noopener\">https:\/\/docs.google.com\/spreadsheets\/d\/1QYqsqb0xpNdKr3VC1sO5SmZ6tnt57EhtPldxqfF_oxk\/edit?usp=drive_link<\/a>&nbsp;se puede acceder al listado de capacitadores, localidades, d\u00edas y horarios ya confirmados.<\/p>\n\n\n\n<p><em>(Prensa IAAER)<\/em><\/p>\n","protected":false},"excerpt":{"rendered":"<p>Recorrer\u00e1 20 localidades entrerrianas con capacitaciones audiovisuales dirigidas a adolescentes de entre 13 y 18 a\u00f1os. Comienza este viernes 1\u00b0 de agosto. Organiza la Secretar\u00eda de Cultura de la provincia, a trav\u00e9s del Instituto Aut\u00e1rquico Audiovisual de Entre R\u00edos (IAAER), en conjunto con la Asociaci\u00f3n de Realizadores Audiovisuales de Entre R\u00edos (ARAER). Se trata de [&hellip;]<\/p>\n","protected":false},"author":5,"featured_media":14449,"comment_status":"open","ping_status":"open","sticky":false,"template":"","format":"standard","meta":{"_et_pb_use_builder":"off","_et_pb_old_content":"","_et_gb_content_width":"","footnotes":""},"categories":[28,4],"tags":[],"class_list":["post-14448","post","type-post","status-publish","format-standard","has-post-thumbnail","hentry","category-noticias","category-iaaer"],"_links":{"self":[{"href":"https:\/\/www.entrerios.gov.ar\/cultura\/wp-json\/wp\/v2\/posts\/14448","targetHints":{"allow":["GET"]}}],"collection":[{"href":"https:\/\/www.entrerios.gov.ar\/cultura\/wp-json\/wp\/v2\/posts"}],"about":[{"href":"https:\/\/www.entrerios.gov.ar\/cultura\/wp-json\/wp\/v2\/types\/post"}],"author":[{"embeddable":true,"href":"https:\/\/www.entrerios.gov.ar\/cultura\/wp-json\/wp\/v2\/users\/5"}],"replies":[{"embeddable":true,"href":"https:\/\/www.entrerios.gov.ar\/cultura\/wp-json\/wp\/v2\/comments?post=14448"}],"version-history":[{"count":1,"href":"https:\/\/www.entrerios.gov.ar\/cultura\/wp-json\/wp\/v2\/posts\/14448\/revisions"}],"predecessor-version":[{"id":14450,"href":"https:\/\/www.entrerios.gov.ar\/cultura\/wp-json\/wp\/v2\/posts\/14448\/revisions\/14450"}],"wp:featuredmedia":[{"embeddable":true,"href":"https:\/\/www.entrerios.gov.ar\/cultura\/wp-json\/wp\/v2\/media\/14449"}],"wp:attachment":[{"href":"https:\/\/www.entrerios.gov.ar\/cultura\/wp-json\/wp\/v2\/media?parent=14448"}],"wp:term":[{"taxonomy":"category","embeddable":true,"href":"https:\/\/www.entrerios.gov.ar\/cultura\/wp-json\/wp\/v2\/categories?post=14448"},{"taxonomy":"post_tag","embeddable":true,"href":"https:\/\/www.entrerios.gov.ar\/cultura\/wp-json\/wp\/v2\/tags?post=14448"}],"curies":[{"name":"wp","href":"https:\/\/api.w.org\/{rel}","templated":true}]}}