{"id":14456,"date":"2025-07-31T13:00:31","date_gmt":"2025-07-31T13:00:31","guid":{"rendered":"https:\/\/www.entrerios.gov.ar\/cultura\/?p=14456"},"modified":"2025-07-31T13:00:33","modified_gmt":"2025-07-31T13:00:33","slug":"este-viernes-comienza-el-encuentro-entrerriano-de-artes-visuales-en-chajari","status":"publish","type":"post","link":"https:\/\/www.entrerios.gov.ar\/cultura\/este-viernes-comienza-el-encuentro-entrerriano-de-artes-visuales-en-chajari\/","title":{"rendered":"Este viernes comienza el Encuentro Entrerriano de Artes Visuales en Chajar\u00ed"},"content":{"rendered":"\n<p>Se desarrollar\u00e1 hasta el domingo, con acceso libre y gratuito. Habr\u00e1 exposiciones, actividades especiales, propuestas formativas y un festival de dibujo. Organiza la Secretar\u00eda de Cultura de Entre R\u00edos junto al Gobierno de Chajar\u00ed.&nbsp;<\/p>\n\n\n\n<p>Este viernes a las 20 tendr\u00e1 lugar la apertura institucional del evento en el Centro Cultural Constantino Caballaro (calles 9 de julio y Salvarredy), con la presencia de autoridades, organizadores y participantes. Seguidamente, se inaugurar\u00e1 la propuesta Site Specific, <em>Manojo \u2013 una acci\u00f3n c\u00edtrica social<\/em> de Guido Bertos y Bel\u00e9n Antola; y la Exposici\u00f3n <em>Donde se curva el horizonte<\/em>, con obras de artistas de distintas localidades entrerrianas.&nbsp;<\/p>\n\n\n\n<p>El d\u00eda s\u00e1bado por la tarde, quedar\u00e1 inaugurado el Proyecto curatorial seleccionado, <em>Tintes del litoral: memorias vegetales de Beatriz Vallaro<\/em>, a las 20 en la galer\u00eda de arte Olga Noya.&nbsp;<\/p>\n\n\n\n<p>Cabe destacar que las inauguraciones son resultantes de la convocatoria abierta y federal realizada previamente en las categor\u00edas Proyecto curatorial, Site Specific y&nbsp; Exposici\u00f3n. El jurado de selecci\u00f3n estuvo conformado por Victoria Cobos, Marcos Kramer y Estefan\u00eda Santiago.&nbsp;<\/p>\n\n\n\n<p>Paralelamente a la programaci\u00f3n central se suceder\u00e1n distintos talleres gratuitos y actividades especiales para artistas y la comunidad.&nbsp;<\/p>\n\n\n\n<p>El encuentro finalizar\u00e1 con una actividad de cierre el domingo denominada <em>Festi en la Estaci\u00f3n<\/em>, que consiste en un encuentro de dibujo, m\u00fasica, teatro, visuales, jam de dibujo, acci\u00f3n perform\u00e1tica y talleres para todas las edades. Se celebrar\u00e1 con propuestas gratuitas y en simult\u00e1neo donde los artistas compartir\u00e1n su trabajo en vivo. En el <em>Festi<\/em> la comunidad podr\u00e1 sumarse a las actividades al aire libre y llevar sus materiales para dibujar. Ser\u00e1 en la explanada de la Ex Estaci\u00f3n del Ferrocarril de 14 a 18.&nbsp;<\/p>\n\n\n\n<p>De la instancia espec\u00edfica del Festival participar\u00e1n las siguientes propuestas:&nbsp;<\/p>\n\n\n\n<p>-Taller para infancias Las huellas del r\u00edo, coordinado por Lu \u00c1vila y Gabriela Rubinich<\/p>\n\n\n\n<p>-Espacio Dibujo en vivo. La mirada tierna, bocetado en vivo de objetos y fotos, coordinado por Lu Scutell\u00e1<\/p>\n\n\n\n<p>&#8211; Intervenci\u00f3n Cuerpo ambiente, una cartograf\u00eda sensible, por Victoria Roldan<\/p>\n\n\n\n<p>-Taller Municipal de Teatro de Chajar\u00ed, a cargo de Clara Maydana<\/p>\n\n\n\n<p>-Espacio Dibujo en vivo. Dibuja el momento, coordinado por Migue Vesco<\/p>\n\n\n\n<p>-Taller Exploraci\u00f3n de un (peque\u00f1o) universo gr\u00e1fico a trav\u00e9s del fanzine, coordinado por Juan Dibuja<\/p>\n\n\n\n<p>-Actuaci\u00f3n del D\u00fao de Guitarras: Edgardo Olivetti y Esteban Fangi<\/p>\n\n\n\n<p>-Visuales en vivo con Desidee y Dj Rayoloser<\/p>\n\n\n\n<p>La agenda completa est\u00e1 disponible en el siguiente <a href=\"https:\/\/drive.google.com\/file\/d\/1Hao2-Rz871g_cWg5ybRcg_npTBTy1mMg\/view\" target=\"_blank\" rel=\"noreferrer noopener\">ENLACE<\/a><\/p>\n\n\n\n<p>El Encuentro Entrerriano de Artes Visuales es parte del programa anual CUAC! (Cultura Activa), una propuesta itinerante de la Secretar\u00eda de Cultura de Entre R\u00edos que re\u00fane distintas actividades culturales con presencia en distintos puntos de la provincia.<\/p>\n","protected":false},"excerpt":{"rendered":"<p>Se desarrollar\u00e1 hasta el domingo, con acceso libre y gratuito. Habr\u00e1 exposiciones, actividades especiales, propuestas formativas y un festival de dibujo. Organiza la Secretar\u00eda de Cultura de Entre R\u00edos junto al Gobierno de Chajar\u00ed.&nbsp; Este viernes a las 20 tendr\u00e1 lugar la apertura institucional del evento en el Centro Cultural Constantino Caballaro (calles 9 de [&hellip;]<\/p>\n","protected":false},"author":5,"featured_media":14457,"comment_status":"open","ping_status":"open","sticky":false,"template":"","format":"standard","meta":{"_et_pb_use_builder":"off","_et_pb_old_content":"","_et_gb_content_width":"","footnotes":""},"categories":[28],"tags":[],"class_list":["post-14456","post","type-post","status-publish","format-standard","has-post-thumbnail","hentry","category-noticias"],"_links":{"self":[{"href":"https:\/\/www.entrerios.gov.ar\/cultura\/wp-json\/wp\/v2\/posts\/14456","targetHints":{"allow":["GET"]}}],"collection":[{"href":"https:\/\/www.entrerios.gov.ar\/cultura\/wp-json\/wp\/v2\/posts"}],"about":[{"href":"https:\/\/www.entrerios.gov.ar\/cultura\/wp-json\/wp\/v2\/types\/post"}],"author":[{"embeddable":true,"href":"https:\/\/www.entrerios.gov.ar\/cultura\/wp-json\/wp\/v2\/users\/5"}],"replies":[{"embeddable":true,"href":"https:\/\/www.entrerios.gov.ar\/cultura\/wp-json\/wp\/v2\/comments?post=14456"}],"version-history":[{"count":1,"href":"https:\/\/www.entrerios.gov.ar\/cultura\/wp-json\/wp\/v2\/posts\/14456\/revisions"}],"predecessor-version":[{"id":14458,"href":"https:\/\/www.entrerios.gov.ar\/cultura\/wp-json\/wp\/v2\/posts\/14456\/revisions\/14458"}],"wp:featuredmedia":[{"embeddable":true,"href":"https:\/\/www.entrerios.gov.ar\/cultura\/wp-json\/wp\/v2\/media\/14457"}],"wp:attachment":[{"href":"https:\/\/www.entrerios.gov.ar\/cultura\/wp-json\/wp\/v2\/media?parent=14456"}],"wp:term":[{"taxonomy":"category","embeddable":true,"href":"https:\/\/www.entrerios.gov.ar\/cultura\/wp-json\/wp\/v2\/categories?post=14456"},{"taxonomy":"post_tag","embeddable":true,"href":"https:\/\/www.entrerios.gov.ar\/cultura\/wp-json\/wp\/v2\/tags?post=14456"}],"curies":[{"name":"wp","href":"https:\/\/api.w.org\/{rel}","templated":true}]}}