{"id":14513,"date":"2025-08-01T17:40:00","date_gmt":"2025-08-01T17:40:00","guid":{"rendered":"https:\/\/www.entrerios.gov.ar\/cultura\/?p=14513"},"modified":"2025-08-01T13:42:00","modified_gmt":"2025-08-01T13:42:00","slug":"este-sabado-comienzan-las-instancias-regionales-de-los-juegos-culturales-entrerrianos","status":"publish","type":"post","link":"https:\/\/www.entrerios.gov.ar\/cultura\/este-sabado-comienzan-las-instancias-regionales-de-los-juegos-culturales-entrerrianos\/","title":{"rendered":"Este s\u00e1bado comienzan las instancias regionales de los Juegos Culturales Entrerrianos"},"content":{"rendered":"\n<p>La etapa abrir\u00e1 en San Jaime, agrupando a las localidades de la Regi\u00f3n 4. En total, se inscribieron m\u00e1s de 600 gurises de toda la provincia en distintas disciplinas art\u00edsticas. Organiza la Secretar\u00eda de Cultura de Entre R\u00edos junto a los gobiernos locales.&nbsp;&nbsp;<\/p>\n\n\n\n<p>El cronograma de las instancias regionales contin\u00faa as\u00ed: 9 de agosto en Alcaraz (Regi\u00f3n 3); 15 de agosto en Cerrito (Regi\u00f3n 5); 23 de agosto en Villa Elisa (Regi\u00f3n 2); y 30 de agosto en Rosario del Tala (Regi\u00f3n 1).<\/p>\n\n\n\n<p><strong>Instancias locales<\/strong><\/p>\n\n\n\n<p>Desde fines de junio y durante todo el mes de julio se llevaron adelante las instancias locales en m\u00faltiples localidades del territorio provincial. Durante los primeros d\u00edas de agosto, contin\u00faan esas instancias en Mansilla, Maci\u00e1 y General Ram\u00edrez. Una de las localidades con m\u00e1s participaci\u00f3n fue San Salvador, donde m\u00e1s de 85 j\u00f3venes presentaron sus obras en diversas disciplinas.<\/p>\n\n\n\n<p>Hasta el momento participaron Villaguay, Ubajay, Santa Elena, San Salvador, San Gustavo, Rosario del Tala, Nogoy\u00e1, Maci\u00e1, Herrera, Villa Libertador San Mart\u00edn, La Paz, Hern\u00e1ndez, Galarza, Federaci\u00f3n, Crespo, Chajar\u00ed, Caseros, Bovril y Alcaraz.<\/p>\n\n\n\n<figure class=\"wp-block-image\"><img loading=\"lazy\" decoding=\"async\" width=\"1600\" height=\"1067\" src=\"https:\/\/www.entrerios.gov.ar\/cultura\/wp-content\/uploads\/2025\/08\/AD_4nXfNpc2IH2q6-wnMMOBuHdELfkmKON3nKjjzu3bd-2aE_hjvisR8fWmkrpMUirrwGif-DiDPcPT8Xuc215HjV1xl4qxN-CKgJB2Q1lJ72-wMuAASbgyuWIgNBoqcySU8RzV5hbcAaA.jpg\" alt=\"\" class=\"wp-image-14516\" srcset=\"https:\/\/www.entrerios.gov.ar\/cultura\/wp-content\/uploads\/2025\/08\/AD_4nXfNpc2IH2q6-wnMMOBuHdELfkmKON3nKjjzu3bd-2aE_hjvisR8fWmkrpMUirrwGif-DiDPcPT8Xuc215HjV1xl4qxN-CKgJB2Q1lJ72-wMuAASbgyuWIgNBoqcySU8RzV5hbcAaA.jpg 1600w, https:\/\/www.entrerios.gov.ar\/cultura\/wp-content\/uploads\/2025\/08\/AD_4nXfNpc2IH2q6-wnMMOBuHdELfkmKON3nKjjzu3bd-2aE_hjvisR8fWmkrpMUirrwGif-DiDPcPT8Xuc215HjV1xl4qxN-CKgJB2Q1lJ72-wMuAASbgyuWIgNBoqcySU8RzV5hbcAaA-1280x854.jpg 1280w, https:\/\/www.entrerios.gov.ar\/cultura\/wp-content\/uploads\/2025\/08\/AD_4nXfNpc2IH2q6-wnMMOBuHdELfkmKON3nKjjzu3bd-2aE_hjvisR8fWmkrpMUirrwGif-DiDPcPT8Xuc215HjV1xl4qxN-CKgJB2Q1lJ72-wMuAASbgyuWIgNBoqcySU8RzV5hbcAaA-980x654.jpg 980w, https:\/\/www.entrerios.gov.ar\/cultura\/wp-content\/uploads\/2025\/08\/AD_4nXfNpc2IH2q6-wnMMOBuHdELfkmKON3nKjjzu3bd-2aE_hjvisR8fWmkrpMUirrwGif-DiDPcPT8Xuc215HjV1xl4qxN-CKgJB2Q1lJ72-wMuAASbgyuWIgNBoqcySU8RzV5hbcAaA-480x320.jpg 480w\" sizes=\"auto, (min-width: 0px) and (max-width: 480px) 480px, (min-width: 481px) and (max-width: 980px) 980px, (min-width: 981px) and (max-width: 1280px) 1280px, (min-width: 1281px) 1600px, 100vw\" \/><\/figure>\n\n\n\n<p>Las jornadas se realizaron en articulaci\u00f3n con las \u00e1reas municipales de cultura, bibliotecas populares, centros culturales y escuelas, permitiendo una amplia y diversa participaci\u00f3n de adolescentes de entre 12 y 18 a\u00f1os.<\/p>\n\n\n\n<p>Los Juegos Culturales Entrerrianos \u201cUlises Daniel Ferrero\u201d, impulsados por la Secretar\u00eda de Cultura de Entre R\u00edos, buscan fortalecer la identidad y el sentido de pertenencia a trav\u00e9s del arte y la creatividad. Este a\u00f1o la tem\u00e1tica es \u201cCuento, leyenda y voces del monte\u201d, una invitaci\u00f3n a recuperar mitos y relatos que forman parte del patrimonio oral entrerriano.&nbsp;<\/p>\n\n\n\n<figure class=\"wp-block-image\"><img loading=\"lazy\" decoding=\"async\" width=\"1600\" height=\"1067\" src=\"https:\/\/www.entrerios.gov.ar\/cultura\/wp-content\/uploads\/2025\/08\/AD_4nXcQ-u7ff6pbzV332BwN7zK0hhwkfk20dsdCwKjZqQRGmnRGrqbqXFWCQuWvfGg5o_pqmrUf1w0Mm7lYTQHW67qinG6qhadIx8PgDl99XknVrOxbczLzxhjmc8ZAtXQGFtQjVsSX.jpg\" alt=\"\" class=\"wp-image-14515\" srcset=\"https:\/\/www.entrerios.gov.ar\/cultura\/wp-content\/uploads\/2025\/08\/AD_4nXcQ-u7ff6pbzV332BwN7zK0hhwkfk20dsdCwKjZqQRGmnRGrqbqXFWCQuWvfGg5o_pqmrUf1w0Mm7lYTQHW67qinG6qhadIx8PgDl99XknVrOxbczLzxhjmc8ZAtXQGFtQjVsSX.jpg 1600w, https:\/\/www.entrerios.gov.ar\/cultura\/wp-content\/uploads\/2025\/08\/AD_4nXcQ-u7ff6pbzV332BwN7zK0hhwkfk20dsdCwKjZqQRGmnRGrqbqXFWCQuWvfGg5o_pqmrUf1w0Mm7lYTQHW67qinG6qhadIx8PgDl99XknVrOxbczLzxhjmc8ZAtXQGFtQjVsSX-1280x854.jpg 1280w, https:\/\/www.entrerios.gov.ar\/cultura\/wp-content\/uploads\/2025\/08\/AD_4nXcQ-u7ff6pbzV332BwN7zK0hhwkfk20dsdCwKjZqQRGmnRGrqbqXFWCQuWvfGg5o_pqmrUf1w0Mm7lYTQHW67qinG6qhadIx8PgDl99XknVrOxbczLzxhjmc8ZAtXQGFtQjVsSX-980x654.jpg 980w, https:\/\/www.entrerios.gov.ar\/cultura\/wp-content\/uploads\/2025\/08\/AD_4nXcQ-u7ff6pbzV332BwN7zK0hhwkfk20dsdCwKjZqQRGmnRGrqbqXFWCQuWvfGg5o_pqmrUf1w0Mm7lYTQHW67qinG6qhadIx8PgDl99XknVrOxbczLzxhjmc8ZAtXQGFtQjVsSX-480x320.jpg 480w\" sizes=\"auto, (min-width: 0px) and (max-width: 480px) 480px, (min-width: 481px) and (max-width: 980px) 980px, (min-width: 981px) and (max-width: 1280px) 1280px, (min-width: 1281px) 1600px, 100vw\" \/><\/figure>\n","protected":false},"excerpt":{"rendered":"<p>La etapa abrir\u00e1 en San Jaime, agrupando a las localidades de la Regi\u00f3n 4. En total, se inscribieron m\u00e1s de 600 gurises de toda la provincia en distintas disciplinas art\u00edsticas. Organiza la Secretar\u00eda de Cultura de Entre R\u00edos junto a los gobiernos locales.&nbsp;&nbsp; El cronograma de las instancias regionales contin\u00faa as\u00ed: 9 de agosto en [&hellip;]<\/p>\n","protected":false},"author":5,"featured_media":14514,"comment_status":"open","ping_status":"open","sticky":false,"template":"","format":"standard","meta":{"_et_pb_use_builder":"off","_et_pb_old_content":"","_et_gb_content_width":"","footnotes":""},"categories":[28],"tags":[],"class_list":["post-14513","post","type-post","status-publish","format-standard","has-post-thumbnail","hentry","category-noticias"],"_links":{"self":[{"href":"https:\/\/www.entrerios.gov.ar\/cultura\/wp-json\/wp\/v2\/posts\/14513","targetHints":{"allow":["GET"]}}],"collection":[{"href":"https:\/\/www.entrerios.gov.ar\/cultura\/wp-json\/wp\/v2\/posts"}],"about":[{"href":"https:\/\/www.entrerios.gov.ar\/cultura\/wp-json\/wp\/v2\/types\/post"}],"author":[{"embeddable":true,"href":"https:\/\/www.entrerios.gov.ar\/cultura\/wp-json\/wp\/v2\/users\/5"}],"replies":[{"embeddable":true,"href":"https:\/\/www.entrerios.gov.ar\/cultura\/wp-json\/wp\/v2\/comments?post=14513"}],"version-history":[{"count":1,"href":"https:\/\/www.entrerios.gov.ar\/cultura\/wp-json\/wp\/v2\/posts\/14513\/revisions"}],"predecessor-version":[{"id":14517,"href":"https:\/\/www.entrerios.gov.ar\/cultura\/wp-json\/wp\/v2\/posts\/14513\/revisions\/14517"}],"wp:featuredmedia":[{"embeddable":true,"href":"https:\/\/www.entrerios.gov.ar\/cultura\/wp-json\/wp\/v2\/media\/14514"}],"wp:attachment":[{"href":"https:\/\/www.entrerios.gov.ar\/cultura\/wp-json\/wp\/v2\/media?parent=14513"}],"wp:term":[{"taxonomy":"category","embeddable":true,"href":"https:\/\/www.entrerios.gov.ar\/cultura\/wp-json\/wp\/v2\/categories?post=14513"},{"taxonomy":"post_tag","embeddable":true,"href":"https:\/\/www.entrerios.gov.ar\/cultura\/wp-json\/wp\/v2\/tags?post=14513"}],"curies":[{"name":"wp","href":"https:\/\/api.w.org\/{rel}","templated":true}]}}