{"id":14524,"date":"2025-08-02T16:26:00","date_gmt":"2025-08-02T16:26:00","guid":{"rendered":"https:\/\/www.entrerios.gov.ar\/cultura\/?p=14524"},"modified":"2025-08-01T14:27:23","modified_gmt":"2025-08-01T14:27:23","slug":"continua-la-convocatoria-para-una-tutoria-abierta-del-instituto-autarquico-audiovisual-de-entre-rios","status":"publish","type":"post","link":"https:\/\/www.entrerios.gov.ar\/cultura\/continua-la-convocatoria-para-una-tutoria-abierta-del-instituto-autarquico-audiovisual-de-entre-rios\/","title":{"rendered":"Contin\u00faa la convocatoria para una tutor\u00eda abierta del Instituto Aut\u00e1rquico Audiovisual de Entre R\u00edos"},"content":{"rendered":"\n<p>El espacio se llama Germinador Audiovisual y tiene como objetivo ayudar en forma federal y gratuita a mejorar proyectos, desde la idea original hasta la realizaci\u00f3n del gui\u00f3n, y desde la producci\u00f3n hasta la exhibici\u00f3n. Seguir\u00e1n recepcionando propuestas durante todo el a\u00f1o.<\/p>\n\n\n\n<p>Organizado por el IAAER, organismo que depende de la Secretar\u00eda de Cultura de Entre R\u00edos, Germinador Audiovisual acompa\u00f1ar\u00e1 en todos estos procesos brindando asesoramiento con un servicio de tutor\u00eda abierta durante toda la temporada para que quienes se acerquen a la propuesta, puedan desarrollar y consolidar su propuesta.<\/p>\n\n\n\n<p>Abierta la convocatoria hace un mes, ya se presentaron nueve proyectos de toda la provincia, entre documentales, ficciones, largometrajes y cortometrajes, procedentes de Gualeguay, Concordia, La Paz, Villa Libertador San Mart\u00edn y Paran\u00e1.<\/p>\n\n\n\n<p>Desde el IAAER se inform\u00f3 que un equipo de profesionales brindar\u00e1 asesoramiento gratuito sobre distintos aspectos t\u00e9cnicos y art\u00edsticos de tu propuesta. Ya sean documentales, ficciones, de cualquier duraci\u00f3n, tanto un videominuto como un largometraje.<\/p>\n\n\n\n<p>Los interesados deben escribir a <a href=\"mailto:formacionesiaaer@gmail.com\">formacionesiaaer@gmail.com<\/a> y solicitar una entrevista online o presencial tanto en las sedes de Paran\u00e1 o Concepci\u00f3n del Uruguay.<\/p>\n\n\n\n<p><em>(Prensa IAAER)<\/em><\/p>\n","protected":false},"excerpt":{"rendered":"<p>El espacio se llama Germinador Audiovisual y tiene como objetivo ayudar en forma federal y gratuita a mejorar proyectos, desde la idea original hasta la realizaci\u00f3n del gui\u00f3n, y desde la producci\u00f3n hasta la exhibici\u00f3n. Seguir\u00e1n recepcionando propuestas durante todo el a\u00f1o. Organizado por el IAAER, organismo que depende de la Secretar\u00eda de Cultura de [&hellip;]<\/p>\n","protected":false},"author":5,"featured_media":14525,"comment_status":"open","ping_status":"open","sticky":false,"template":"","format":"standard","meta":{"_et_pb_use_builder":"off","_et_pb_old_content":"","_et_gb_content_width":"","footnotes":""},"categories":[28,4],"tags":[],"class_list":["post-14524","post","type-post","status-publish","format-standard","has-post-thumbnail","hentry","category-noticias","category-iaaer"],"_links":{"self":[{"href":"https:\/\/www.entrerios.gov.ar\/cultura\/wp-json\/wp\/v2\/posts\/14524","targetHints":{"allow":["GET"]}}],"collection":[{"href":"https:\/\/www.entrerios.gov.ar\/cultura\/wp-json\/wp\/v2\/posts"}],"about":[{"href":"https:\/\/www.entrerios.gov.ar\/cultura\/wp-json\/wp\/v2\/types\/post"}],"author":[{"embeddable":true,"href":"https:\/\/www.entrerios.gov.ar\/cultura\/wp-json\/wp\/v2\/users\/5"}],"replies":[{"embeddable":true,"href":"https:\/\/www.entrerios.gov.ar\/cultura\/wp-json\/wp\/v2\/comments?post=14524"}],"version-history":[{"count":1,"href":"https:\/\/www.entrerios.gov.ar\/cultura\/wp-json\/wp\/v2\/posts\/14524\/revisions"}],"predecessor-version":[{"id":14526,"href":"https:\/\/www.entrerios.gov.ar\/cultura\/wp-json\/wp\/v2\/posts\/14524\/revisions\/14526"}],"wp:featuredmedia":[{"embeddable":true,"href":"https:\/\/www.entrerios.gov.ar\/cultura\/wp-json\/wp\/v2\/media\/14525"}],"wp:attachment":[{"href":"https:\/\/www.entrerios.gov.ar\/cultura\/wp-json\/wp\/v2\/media?parent=14524"}],"wp:term":[{"taxonomy":"category","embeddable":true,"href":"https:\/\/www.entrerios.gov.ar\/cultura\/wp-json\/wp\/v2\/categories?post=14524"},{"taxonomy":"post_tag","embeddable":true,"href":"https:\/\/www.entrerios.gov.ar\/cultura\/wp-json\/wp\/v2\/tags?post=14524"}],"curies":[{"name":"wp","href":"https:\/\/api.w.org\/{rel}","templated":true}]}}