{"id":14541,"date":"2025-08-02T17:30:31","date_gmt":"2025-08-02T17:30:31","guid":{"rendered":"https:\/\/www.entrerios.gov.ar\/cultura\/?p=14541"},"modified":"2025-08-02T17:30:33","modified_gmt":"2025-08-02T17:30:33","slug":"comenzo-el-primer-encuentro-entrerriano-de-artes-visuales-en-chajari","status":"publish","type":"post","link":"https:\/\/www.entrerios.gov.ar\/cultura\/comenzo-el-primer-encuentro-entrerriano-de-artes-visuales-en-chajari\/","title":{"rendered":"Comenz\u00f3 el primer Encuentro Entrerriano de Artes Visuales en Chajar\u00ed"},"content":{"rendered":"\n<p>Este viernes se realiz\u00f3 la apertura y se inauguraron dos exposiciones de una convocatoria provincial. Tambi\u00e9n se desarrollaron talleres y actividades especiales que contin\u00faan hasta este domingo. Organizan la Secretar\u00eda de Cultura de Entre R\u00edos y el Gobierno de Chajar\u00ed.<\/p>\n\n\n\n<p>El secretario de Cultura de la provincia, Juli\u00e1n Stoppello, remarc\u00f3: \u201cTrabajamos por una cultura federal y participativa, y este Encuentro va en ese sentido\u201d. Luego agreg\u00f3: \u201cSiguiendo el rumbo trazado por el gobernador Rogelio Frigerio y el ministro de Gobierno y Trabajo, Manuel Troncoso, colaboramos con los municipios para descentralizar la gesti\u00f3n y estar presentes en cada rinc\u00f3n entrerriano\u201d.<\/p>\n\n\n\n<p>El intendente de Chajar\u00ed, Marcelo Borghesan, destac\u00f3: \u201cEs un orgullo recibir a artistas de toda la provincia y generar un encuentro tambi\u00e9n con nuestra comunidad. Agradecemos a la Secretar\u00eda y al Gobierno de Entre R\u00edos por elegirnos como sede y trabajar en conjunto\u201d.<\/p>\n\n\n\n<figure class=\"wp-block-image\"><img loading=\"lazy\" decoding=\"async\" width=\"1600\" height=\"1200\" src=\"https:\/\/www.entrerios.gov.ar\/cultura\/wp-content\/uploads\/2025\/08\/AD_4nXcUzjE3VhFXPqVlulB9D9hxADjWwDSpMUGPX9rPsV0gYzqqzpJNpfla_AHi_aoWiKyo-bowSfUTAf2XZN_mvE_SlYVMn_L66MulovP3v_mIQe7bniji5kLR6X86SWL_rA5tguwRxw.jpg\" alt=\"\" class=\"wp-image-14545\" srcset=\"https:\/\/www.entrerios.gov.ar\/cultura\/wp-content\/uploads\/2025\/08\/AD_4nXcUzjE3VhFXPqVlulB9D9hxADjWwDSpMUGPX9rPsV0gYzqqzpJNpfla_AHi_aoWiKyo-bowSfUTAf2XZN_mvE_SlYVMn_L66MulovP3v_mIQe7bniji5kLR6X86SWL_rA5tguwRxw.jpg 1600w, https:\/\/www.entrerios.gov.ar\/cultura\/wp-content\/uploads\/2025\/08\/AD_4nXcUzjE3VhFXPqVlulB9D9hxADjWwDSpMUGPX9rPsV0gYzqqzpJNpfla_AHi_aoWiKyo-bowSfUTAf2XZN_mvE_SlYVMn_L66MulovP3v_mIQe7bniji5kLR6X86SWL_rA5tguwRxw-1280x960.jpg 1280w, https:\/\/www.entrerios.gov.ar\/cultura\/wp-content\/uploads\/2025\/08\/AD_4nXcUzjE3VhFXPqVlulB9D9hxADjWwDSpMUGPX9rPsV0gYzqqzpJNpfla_AHi_aoWiKyo-bowSfUTAf2XZN_mvE_SlYVMn_L66MulovP3v_mIQe7bniji5kLR6X86SWL_rA5tguwRxw-980x735.jpg 980w, https:\/\/www.entrerios.gov.ar\/cultura\/wp-content\/uploads\/2025\/08\/AD_4nXcUzjE3VhFXPqVlulB9D9hxADjWwDSpMUGPX9rPsV0gYzqqzpJNpfla_AHi_aoWiKyo-bowSfUTAf2XZN_mvE_SlYVMn_L66MulovP3v_mIQe7bniji5kLR6X86SWL_rA5tguwRxw-480x360.jpg 480w\" sizes=\"auto, (min-width: 0px) and (max-width: 480px) 480px, (min-width: 481px) and (max-width: 980px) 980px, (min-width: 981px) and (max-width: 1280px) 1280px, (min-width: 1281px) 1600px, 100vw\" \/><\/figure>\n\n\n\n<p>H\u00e9ctor Zucco, artista de Chajar\u00ed, agradeci\u00f3 \u201cpoder compartir un Encuentro Entrerriano de Artes Visuales en nuestra ciudad, que es algo muy importante\u201d. Alberto Bonus, artista de Gualeguaych\u00fa, a\u00f1adi\u00f3 que el Encuentro es \u201cmuy positivo porque podemos conocernos y compartir con colegas de toda la provincia\u201d.<\/p>\n\n\n\n<p>Las talleristas Ileana \u00c1lvarez y Valentina Bolcatto, valoraron el desarrollo de distintas propuestas de capacitaci\u00f3n y el Encuentro como un espacio para compartir conocimientos y experiencias.<\/p>\n\n\n\n<p>La programaci\u00f3n del evento se puede consultar en el siguiente <a href=\"https:\/\/drive.google.com\/file\/d\/1Hao2-Rz871g_cWg5ybRcg_npTBTy1mMg\/view?usp=drivesdk\" target=\"_blank\" rel=\"noreferrer noopener\">ENLACE<\/a><\/p>\n\n\n\n<figure class=\"wp-block-image\"><img loading=\"lazy\" decoding=\"async\" width=\"1600\" height=\"1200\" src=\"https:\/\/www.entrerios.gov.ar\/cultura\/wp-content\/uploads\/2025\/08\/AD_4nXc9jt9IbmKndSEvuA3z2AnA2SdVI_0GBIeEkuRHftwFIRn1ialtGmL32bPMY_FJSG8x_6yzpsczGzHrSNjI-laK_nfR1YHFePMagI4j-7ybAI2urqkutcHI4WIqqNDpbzHnRB-TOw.jpg\" alt=\"\" class=\"wp-image-14544\" srcset=\"https:\/\/www.entrerios.gov.ar\/cultura\/wp-content\/uploads\/2025\/08\/AD_4nXc9jt9IbmKndSEvuA3z2AnA2SdVI_0GBIeEkuRHftwFIRn1ialtGmL32bPMY_FJSG8x_6yzpsczGzHrSNjI-laK_nfR1YHFePMagI4j-7ybAI2urqkutcHI4WIqqNDpbzHnRB-TOw.jpg 1600w, https:\/\/www.entrerios.gov.ar\/cultura\/wp-content\/uploads\/2025\/08\/AD_4nXc9jt9IbmKndSEvuA3z2AnA2SdVI_0GBIeEkuRHftwFIRn1ialtGmL32bPMY_FJSG8x_6yzpsczGzHrSNjI-laK_nfR1YHFePMagI4j-7ybAI2urqkutcHI4WIqqNDpbzHnRB-TOw-1280x960.jpg 1280w, https:\/\/www.entrerios.gov.ar\/cultura\/wp-content\/uploads\/2025\/08\/AD_4nXc9jt9IbmKndSEvuA3z2AnA2SdVI_0GBIeEkuRHftwFIRn1ialtGmL32bPMY_FJSG8x_6yzpsczGzHrSNjI-laK_nfR1YHFePMagI4j-7ybAI2urqkutcHI4WIqqNDpbzHnRB-TOw-980x735.jpg 980w, https:\/\/www.entrerios.gov.ar\/cultura\/wp-content\/uploads\/2025\/08\/AD_4nXc9jt9IbmKndSEvuA3z2AnA2SdVI_0GBIeEkuRHftwFIRn1ialtGmL32bPMY_FJSG8x_6yzpsczGzHrSNjI-laK_nfR1YHFePMagI4j-7ybAI2urqkutcHI4WIqqNDpbzHnRB-TOw-480x360.jpg 480w\" sizes=\"auto, (min-width: 0px) and (max-width: 480px) 480px, (min-width: 481px) and (max-width: 980px) 980px, (min-width: 981px) and (max-width: 1280px) 1280px, (min-width: 1281px) 1600px, 100vw\" \/><\/figure>\n\n\n\n<p>El primer Encuentro Entrerriano de Artes Visuales es parte de Cuac! Cultura Activa, un programa anual de actividades que la Secretar\u00eda de Cultura de Entre R\u00edos desarrolla en toda la provincia. Ya se realizaron Encuentros de Muralismo en Galarza y de M\u00fasica en Diamante. Del 22 al 24 de agosto se concretar\u00e1 el Encuentro Entrerriano de Teatro en Concepci\u00f3n del Uruguay.&nbsp;&nbsp;<\/p>\n\n\n\n<figure class=\"wp-block-image\"><img loading=\"lazy\" decoding=\"async\" width=\"1600\" height=\"1200\" src=\"https:\/\/www.entrerios.gov.ar\/cultura\/wp-content\/uploads\/2025\/08\/AD_4nXepV1KuwlErnLuo34DGQ9e4Ok7R7pg6WVBxLyElYEjvXPYeby-vLIGCCFU-6ZVW60hkTJNNkv4c6iSC9XnTwmZ0GCk72jp5VxtbdJUgIuCwCfPsQrxMAsWJGkueuzmo6uz1GA2hZg.jpg\" alt=\"\" class=\"wp-image-14543\" srcset=\"https:\/\/www.entrerios.gov.ar\/cultura\/wp-content\/uploads\/2025\/08\/AD_4nXepV1KuwlErnLuo34DGQ9e4Ok7R7pg6WVBxLyElYEjvXPYeby-vLIGCCFU-6ZVW60hkTJNNkv4c6iSC9XnTwmZ0GCk72jp5VxtbdJUgIuCwCfPsQrxMAsWJGkueuzmo6uz1GA2hZg.jpg 1600w, https:\/\/www.entrerios.gov.ar\/cultura\/wp-content\/uploads\/2025\/08\/AD_4nXepV1KuwlErnLuo34DGQ9e4Ok7R7pg6WVBxLyElYEjvXPYeby-vLIGCCFU-6ZVW60hkTJNNkv4c6iSC9XnTwmZ0GCk72jp5VxtbdJUgIuCwCfPsQrxMAsWJGkueuzmo6uz1GA2hZg-1280x960.jpg 1280w, https:\/\/www.entrerios.gov.ar\/cultura\/wp-content\/uploads\/2025\/08\/AD_4nXepV1KuwlErnLuo34DGQ9e4Ok7R7pg6WVBxLyElYEjvXPYeby-vLIGCCFU-6ZVW60hkTJNNkv4c6iSC9XnTwmZ0GCk72jp5VxtbdJUgIuCwCfPsQrxMAsWJGkueuzmo6uz1GA2hZg-980x735.jpg 980w, https:\/\/www.entrerios.gov.ar\/cultura\/wp-content\/uploads\/2025\/08\/AD_4nXepV1KuwlErnLuo34DGQ9e4Ok7R7pg6WVBxLyElYEjvXPYeby-vLIGCCFU-6ZVW60hkTJNNkv4c6iSC9XnTwmZ0GCk72jp5VxtbdJUgIuCwCfPsQrxMAsWJGkueuzmo6uz1GA2hZg-480x360.jpg 480w\" sizes=\"auto, (min-width: 0px) and (max-width: 480px) 480px, (min-width: 481px) and (max-width: 980px) 980px, (min-width: 981px) and (max-width: 1280px) 1280px, (min-width: 1281px) 1600px, 100vw\" \/><\/figure>\n","protected":false},"excerpt":{"rendered":"<p>Este viernes se realiz\u00f3 la apertura y se inauguraron dos exposiciones de una convocatoria provincial. Tambi\u00e9n se desarrollaron talleres y actividades especiales que contin\u00faan hasta este domingo. Organizan la Secretar\u00eda de Cultura de Entre R\u00edos y el Gobierno de Chajar\u00ed. El secretario de Cultura de la provincia, Juli\u00e1n Stoppello, remarc\u00f3: \u201cTrabajamos por una cultura federal [&hellip;]<\/p>\n","protected":false},"author":5,"featured_media":14542,"comment_status":"open","ping_status":"open","sticky":false,"template":"","format":"standard","meta":{"_et_pb_use_builder":"off","_et_pb_old_content":"","_et_gb_content_width":"","footnotes":""},"categories":[28],"tags":[],"class_list":["post-14541","post","type-post","status-publish","format-standard","has-post-thumbnail","hentry","category-noticias"],"_links":{"self":[{"href":"https:\/\/www.entrerios.gov.ar\/cultura\/wp-json\/wp\/v2\/posts\/14541","targetHints":{"allow":["GET"]}}],"collection":[{"href":"https:\/\/www.entrerios.gov.ar\/cultura\/wp-json\/wp\/v2\/posts"}],"about":[{"href":"https:\/\/www.entrerios.gov.ar\/cultura\/wp-json\/wp\/v2\/types\/post"}],"author":[{"embeddable":true,"href":"https:\/\/www.entrerios.gov.ar\/cultura\/wp-json\/wp\/v2\/users\/5"}],"replies":[{"embeddable":true,"href":"https:\/\/www.entrerios.gov.ar\/cultura\/wp-json\/wp\/v2\/comments?post=14541"}],"version-history":[{"count":1,"href":"https:\/\/www.entrerios.gov.ar\/cultura\/wp-json\/wp\/v2\/posts\/14541\/revisions"}],"predecessor-version":[{"id":14546,"href":"https:\/\/www.entrerios.gov.ar\/cultura\/wp-json\/wp\/v2\/posts\/14541\/revisions\/14546"}],"wp:featuredmedia":[{"embeddable":true,"href":"https:\/\/www.entrerios.gov.ar\/cultura\/wp-json\/wp\/v2\/media\/14542"}],"wp:attachment":[{"href":"https:\/\/www.entrerios.gov.ar\/cultura\/wp-json\/wp\/v2\/media?parent=14541"}],"wp:term":[{"taxonomy":"category","embeddable":true,"href":"https:\/\/www.entrerios.gov.ar\/cultura\/wp-json\/wp\/v2\/categories?post=14541"},{"taxonomy":"post_tag","embeddable":true,"href":"https:\/\/www.entrerios.gov.ar\/cultura\/wp-json\/wp\/v2\/tags?post=14541"}],"curies":[{"name":"wp","href":"https:\/\/api.w.org\/{rel}","templated":true}]}}