{"id":14551,"date":"2025-08-03T17:55:00","date_gmt":"2025-08-03T17:55:00","guid":{"rendered":"https:\/\/www.entrerios.gov.ar\/cultura\/?p=14551"},"modified":"2025-08-03T17:55:01","modified_gmt":"2025-08-03T17:55:01","slug":"el-segundo-dia-del-encuentro-entrerriano-de-artes-visuales-tuvo-mas-actividades-de-formacion-y-una-exposicion","status":"publish","type":"post","link":"https:\/\/www.entrerios.gov.ar\/cultura\/el-segundo-dia-del-encuentro-entrerriano-de-artes-visuales-tuvo-mas-actividades-de-formacion-y-una-exposicion\/","title":{"rendered":"El segundo d\u00eda del Encuentro Entrerriano de Artes Visuales tuvo m\u00e1s actividades de formaci\u00f3n y una exposici\u00f3n"},"content":{"rendered":"\n<p>Fue este s\u00e1bado en Chajar\u00ed. Adem\u00e1s de talleres y una mesa de trabajo para un diagn\u00f3stico federal del sector en la provincia, se inaugur\u00f3 la tercera exposici\u00f3n de la convocatoria abierta. Hoy finaliza con un festival. Organizan la Secretar\u00eda de Cultura de Entre R\u00edos y el Gobierno de Chajar\u00ed.<\/p>\n\n\n\n<p>Durante la ma\u00f1ana, se realiz\u00f3 la mesa de trabajo \u201cTrama viva del territorio visual. Diagn\u00f3stico creativo y federal de las artes visuales en Entre R\u00edos\u201d. Participaron artistas de distintas localidades y sigue este domingo con una segunda parte.&nbsp;<\/p>\n\n\n\n<figure class=\"wp-block-image\"><img loading=\"lazy\" decoding=\"async\" width=\"1600\" height=\"1068\" src=\"https:\/\/www.entrerios.gov.ar\/cultura\/wp-content\/uploads\/2025\/08\/AD_4nXfOoS8wEq5BOEODu6e1yXAKids_ugaIa-ufSIRByDjlbl9Eq1OMigcO8vUA-IJBFTiC8ElBzth6ez0t1I-yciHpUrgUEBpwV8wCE-Aw4gEu1xR1EgMGMcl6hsv7lC_cUOS5CwHq.jpg\" alt=\"\" class=\"wp-image-14555\" srcset=\"https:\/\/www.entrerios.gov.ar\/cultura\/wp-content\/uploads\/2025\/08\/AD_4nXfOoS8wEq5BOEODu6e1yXAKids_ugaIa-ufSIRByDjlbl9Eq1OMigcO8vUA-IJBFTiC8ElBzth6ez0t1I-yciHpUrgUEBpwV8wCE-Aw4gEu1xR1EgMGMcl6hsv7lC_cUOS5CwHq.jpg 1600w, https:\/\/www.entrerios.gov.ar\/cultura\/wp-content\/uploads\/2025\/08\/AD_4nXfOoS8wEq5BOEODu6e1yXAKids_ugaIa-ufSIRByDjlbl9Eq1OMigcO8vUA-IJBFTiC8ElBzth6ez0t1I-yciHpUrgUEBpwV8wCE-Aw4gEu1xR1EgMGMcl6hsv7lC_cUOS5CwHq-1280x854.jpg 1280w, https:\/\/www.entrerios.gov.ar\/cultura\/wp-content\/uploads\/2025\/08\/AD_4nXfOoS8wEq5BOEODu6e1yXAKids_ugaIa-ufSIRByDjlbl9Eq1OMigcO8vUA-IJBFTiC8ElBzth6ez0t1I-yciHpUrgUEBpwV8wCE-Aw4gEu1xR1EgMGMcl6hsv7lC_cUOS5CwHq-980x654.jpg 980w, https:\/\/www.entrerios.gov.ar\/cultura\/wp-content\/uploads\/2025\/08\/AD_4nXfOoS8wEq5BOEODu6e1yXAKids_ugaIa-ufSIRByDjlbl9Eq1OMigcO8vUA-IJBFTiC8ElBzth6ez0t1I-yciHpUrgUEBpwV8wCE-Aw4gEu1xR1EgMGMcl6hsv7lC_cUOS5CwHq-480x320.jpg 480w\" sizes=\"auto, (min-width: 0px) and (max-width: 480px) 480px, (min-width: 481px) and (max-width: 980px) 980px, (min-width: 981px) and (max-width: 1280px) 1280px, (min-width: 1281px) 1600px, 100vw\" \/><\/figure>\n\n\n\n<p>Luego se desarrollaron talleres de dibujo, portfolio de obra, una charla sobre la experiencia de un artista, un recorrido por la reserva natural del Parque Termal como un registro sensible de la naturaleza, entre otros.&nbsp;&nbsp;<\/p>\n\n\n\n<p>Por la noche, qued\u00f3 inaugurado el Proyecto curatorial seleccionado, Tintes del litoral: memorias vegetales de Beatriz Vallaro. Fue en la galer\u00eda Olga Noya con una nutrida convocatoria de p\u00fablico. En sus palabras, la productora general de la iniciativa, Julia Acosta, destac\u00f3 la participaci\u00f3n federal de artistas en el Encuentro.&nbsp;<\/p>\n\n\n\n<figure class=\"wp-block-image\"><img loading=\"lazy\" decoding=\"async\" width=\"1600\" height=\"1068\" src=\"https:\/\/www.entrerios.gov.ar\/cultura\/wp-content\/uploads\/2025\/08\/AD_4nXepiWCqhq2VA-Ab8LsIkp7LGodREp-sZZD1XkuiaNH-2LtMapPqIm3Lj2aZQ7ScAFE3DnE48qe7GrRt4FgvniaOlHh8LZtB0Tb8mp93sqyMnOVbG8hbB1cKHh4CzMa_tGjMji2N.jpg\" alt=\"\" class=\"wp-image-14554\" srcset=\"https:\/\/www.entrerios.gov.ar\/cultura\/wp-content\/uploads\/2025\/08\/AD_4nXepiWCqhq2VA-Ab8LsIkp7LGodREp-sZZD1XkuiaNH-2LtMapPqIm3Lj2aZQ7ScAFE3DnE48qe7GrRt4FgvniaOlHh8LZtB0Tb8mp93sqyMnOVbG8hbB1cKHh4CzMa_tGjMji2N.jpg 1600w, https:\/\/www.entrerios.gov.ar\/cultura\/wp-content\/uploads\/2025\/08\/AD_4nXepiWCqhq2VA-Ab8LsIkp7LGodREp-sZZD1XkuiaNH-2LtMapPqIm3Lj2aZQ7ScAFE3DnE48qe7GrRt4FgvniaOlHh8LZtB0Tb8mp93sqyMnOVbG8hbB1cKHh4CzMa_tGjMji2N-1280x854.jpg 1280w, https:\/\/www.entrerios.gov.ar\/cultura\/wp-content\/uploads\/2025\/08\/AD_4nXepiWCqhq2VA-Ab8LsIkp7LGodREp-sZZD1XkuiaNH-2LtMapPqIm3Lj2aZQ7ScAFE3DnE48qe7GrRt4FgvniaOlHh8LZtB0Tb8mp93sqyMnOVbG8hbB1cKHh4CzMa_tGjMji2N-980x654.jpg 980w, https:\/\/www.entrerios.gov.ar\/cultura\/wp-content\/uploads\/2025\/08\/AD_4nXepiWCqhq2VA-Ab8LsIkp7LGodREp-sZZD1XkuiaNH-2LtMapPqIm3Lj2aZQ7ScAFE3DnE48qe7GrRt4FgvniaOlHh8LZtB0Tb8mp93sqyMnOVbG8hbB1cKHh4CzMa_tGjMji2N-480x320.jpg 480w\" sizes=\"auto, (min-width: 0px) and (max-width: 480px) 480px, (min-width: 481px) and (max-width: 980px) 980px, (min-width: 981px) and (max-width: 1280px) 1280px, (min-width: 1281px) 1600px, 100vw\" \/><\/figure>\n\n\n\n<p>Patricia Carro, autora del proyecto curatorial y oriunda de Gualeguay, valor\u00f3 la organizaci\u00f3n y producci\u00f3n del Encuentro: \u201cDurante todo el proceso las obras fueron tratadas con mucho profesionalismo\u201d, sostuvo.<\/p>\n\n\n\n<p>Beatriz Vallaro, artista de Gualeguay, agradeci\u00f3 \u201ca las autoridades y a la organizaci\u00f3n por generar un espacio para compartir obras y experiencias con otros artistas entrerrianos\u201d.&nbsp;&nbsp;&nbsp;<\/p>\n\n\n\n<p>Estuvieron presentes&nbsp; el secretario de Cultura de Entre R\u00edos, Juli\u00e1n Stoppello, el intendente de Chajar\u00ed, Marcelo Borghesan; y la diputada provincial, Gabriela Lena.&nbsp;<\/p>\n\n\n\n<figure class=\"wp-block-image\"><img loading=\"lazy\" decoding=\"async\" width=\"1280\" height=\"960\" src=\"https:\/\/www.entrerios.gov.ar\/cultura\/wp-content\/uploads\/2025\/08\/AD_4nXfpAUhG_RB6S0OxatrT7hQ0NrnnTXODDVKnkHA30_ORnbEu3gPwauUup-hW-Dw5g4wnG4qWZJl4A3C_bRebDuC7QOvFFV4tdtBF6bX_93SI1shzC2fIR10RliIIPhgCiPAUIQAo.jpg\" alt=\"\" class=\"wp-image-14556\" srcset=\"https:\/\/www.entrerios.gov.ar\/cultura\/wp-content\/uploads\/2025\/08\/AD_4nXfpAUhG_RB6S0OxatrT7hQ0NrnnTXODDVKnkHA30_ORnbEu3gPwauUup-hW-Dw5g4wnG4qWZJl4A3C_bRebDuC7QOvFFV4tdtBF6bX_93SI1shzC2fIR10RliIIPhgCiPAUIQAo.jpg 1280w, https:\/\/www.entrerios.gov.ar\/cultura\/wp-content\/uploads\/2025\/08\/AD_4nXfpAUhG_RB6S0OxatrT7hQ0NrnnTXODDVKnkHA30_ORnbEu3gPwauUup-hW-Dw5g4wnG4qWZJl4A3C_bRebDuC7QOvFFV4tdtBF6bX_93SI1shzC2fIR10RliIIPhgCiPAUIQAo-980x735.jpg 980w, https:\/\/www.entrerios.gov.ar\/cultura\/wp-content\/uploads\/2025\/08\/AD_4nXfpAUhG_RB6S0OxatrT7hQ0NrnnTXODDVKnkHA30_ORnbEu3gPwauUup-hW-Dw5g4wnG4qWZJl4A3C_bRebDuC7QOvFFV4tdtBF6bX_93SI1shzC2fIR10RliIIPhgCiPAUIQAo-480x360.jpg 480w\" sizes=\"auto, (min-width: 0px) and (max-width: 480px) 480px, (min-width: 481px) and (max-width: 980px) 980px, (min-width: 981px) 1280px, 100vw\" \/><\/figure>\n\n\n\n<p><strong>Exposiciones<\/strong>&nbsp;<\/p>\n\n\n\n<p>Adem\u00e1s, durante la jornada continuaron abiertas las exposiciones de la categor\u00eda Site Specific, Manojo \u2013 una acci\u00f3n c\u00edtrica social de Guido Bertos y Bel\u00e9n Antola; y Donde se curva el horizonte, con obras de artistas de distintas localidades entrerrianas. Ambas seleccionadas en la convocatoria provincial.&nbsp;&nbsp;&nbsp;<\/p>\n\n\n\n<p><strong>Festival<\/strong><\/p>\n\n\n\n<p>El Encuentro finalizar\u00e1 este domingo con una propuesta denominada Festi en la Estaci\u00f3n, que tendr\u00e1 dibujo, m\u00fasica, teatro, visuales, acci\u00f3n perform\u00e1tica y talleres para todas las edades. Ser\u00e1 en la explanada de la Ex Estaci\u00f3n del Ferrocarril de 14 a 18, con entrada libre y gratuita.<\/p>\n\n\n\n<p>El Encuentro Entrerriano de Artes Visuales es parte del programa anual CUAC! (Cultura Activa), una propuesta itinerante de la Secretar\u00eda de Cultura de Entre R\u00edos que re\u00fane distintas actividades culturales con presencia en distintos puntos de la provincia.<\/p>\n\n\n\n<figure class=\"wp-block-image\"><img loading=\"lazy\" decoding=\"async\" width=\"1600\" height=\"1068\" src=\"https:\/\/www.entrerios.gov.ar\/cultura\/wp-content\/uploads\/2025\/08\/AD_4nXdUdxRnGIaSIBIpUaMVz2DSDY7e8Ai3__h83WdKWy1EhnqNSS1iEmu6UUkPvokJbWl9S_sp6amG2JakRE1G9ucLg2KYMn8vAO3DBvEZ7A91fmBv7g6Y26McEcGtv4MU3k7qcplTPA.jpg\" alt=\"\" class=\"wp-image-14553\" srcset=\"https:\/\/www.entrerios.gov.ar\/cultura\/wp-content\/uploads\/2025\/08\/AD_4nXdUdxRnGIaSIBIpUaMVz2DSDY7e8Ai3__h83WdKWy1EhnqNSS1iEmu6UUkPvokJbWl9S_sp6amG2JakRE1G9ucLg2KYMn8vAO3DBvEZ7A91fmBv7g6Y26McEcGtv4MU3k7qcplTPA.jpg 1600w, https:\/\/www.entrerios.gov.ar\/cultura\/wp-content\/uploads\/2025\/08\/AD_4nXdUdxRnGIaSIBIpUaMVz2DSDY7e8Ai3__h83WdKWy1EhnqNSS1iEmu6UUkPvokJbWl9S_sp6amG2JakRE1G9ucLg2KYMn8vAO3DBvEZ7A91fmBv7g6Y26McEcGtv4MU3k7qcplTPA-1280x854.jpg 1280w, https:\/\/www.entrerios.gov.ar\/cultura\/wp-content\/uploads\/2025\/08\/AD_4nXdUdxRnGIaSIBIpUaMVz2DSDY7e8Ai3__h83WdKWy1EhnqNSS1iEmu6UUkPvokJbWl9S_sp6amG2JakRE1G9ucLg2KYMn8vAO3DBvEZ7A91fmBv7g6Y26McEcGtv4MU3k7qcplTPA-980x654.jpg 980w, https:\/\/www.entrerios.gov.ar\/cultura\/wp-content\/uploads\/2025\/08\/AD_4nXdUdxRnGIaSIBIpUaMVz2DSDY7e8Ai3__h83WdKWy1EhnqNSS1iEmu6UUkPvokJbWl9S_sp6amG2JakRE1G9ucLg2KYMn8vAO3DBvEZ7A91fmBv7g6Y26McEcGtv4MU3k7qcplTPA-480x320.jpg 480w\" sizes=\"auto, (min-width: 0px) and (max-width: 480px) 480px, (min-width: 481px) and (max-width: 980px) 980px, (min-width: 981px) and (max-width: 1280px) 1280px, (min-width: 1281px) 1600px, 100vw\" \/><\/figure>\n","protected":false},"excerpt":{"rendered":"<p>Fue este s\u00e1bado en Chajar\u00ed. Adem\u00e1s de talleres y una mesa de trabajo para un diagn\u00f3stico federal del sector en la provincia, se inaugur\u00f3 la tercera exposici\u00f3n de la convocatoria abierta. Hoy finaliza con un festival. Organizan la Secretar\u00eda de Cultura de Entre R\u00edos y el Gobierno de Chajar\u00ed. Durante la ma\u00f1ana, se realiz\u00f3 la [&hellip;]<\/p>\n","protected":false},"author":5,"featured_media":14552,"comment_status":"open","ping_status":"open","sticky":false,"template":"","format":"standard","meta":{"_et_pb_use_builder":"off","_et_pb_old_content":"","_et_gb_content_width":"","footnotes":""},"categories":[28],"tags":[],"class_list":["post-14551","post","type-post","status-publish","format-standard","has-post-thumbnail","hentry","category-noticias"],"_links":{"self":[{"href":"https:\/\/www.entrerios.gov.ar\/cultura\/wp-json\/wp\/v2\/posts\/14551","targetHints":{"allow":["GET"]}}],"collection":[{"href":"https:\/\/www.entrerios.gov.ar\/cultura\/wp-json\/wp\/v2\/posts"}],"about":[{"href":"https:\/\/www.entrerios.gov.ar\/cultura\/wp-json\/wp\/v2\/types\/post"}],"author":[{"embeddable":true,"href":"https:\/\/www.entrerios.gov.ar\/cultura\/wp-json\/wp\/v2\/users\/5"}],"replies":[{"embeddable":true,"href":"https:\/\/www.entrerios.gov.ar\/cultura\/wp-json\/wp\/v2\/comments?post=14551"}],"version-history":[{"count":1,"href":"https:\/\/www.entrerios.gov.ar\/cultura\/wp-json\/wp\/v2\/posts\/14551\/revisions"}],"predecessor-version":[{"id":14557,"href":"https:\/\/www.entrerios.gov.ar\/cultura\/wp-json\/wp\/v2\/posts\/14551\/revisions\/14557"}],"wp:featuredmedia":[{"embeddable":true,"href":"https:\/\/www.entrerios.gov.ar\/cultura\/wp-json\/wp\/v2\/media\/14552"}],"wp:attachment":[{"href":"https:\/\/www.entrerios.gov.ar\/cultura\/wp-json\/wp\/v2\/media?parent=14551"}],"wp:term":[{"taxonomy":"category","embeddable":true,"href":"https:\/\/www.entrerios.gov.ar\/cultura\/wp-json\/wp\/v2\/categories?post=14551"},{"taxonomy":"post_tag","embeddable":true,"href":"https:\/\/www.entrerios.gov.ar\/cultura\/wp-json\/wp\/v2\/tags?post=14551"}],"curies":[{"name":"wp","href":"https:\/\/api.w.org\/{rel}","templated":true}]}}