{"id":14558,"date":"2025-08-04T17:15:20","date_gmt":"2025-08-04T17:15:20","guid":{"rendered":"https:\/\/www.entrerios.gov.ar\/cultura\/?p=14558"},"modified":"2025-08-04T17:16:40","modified_gmt":"2025-08-04T17:16:40","slug":"se-realizara-una-nueva-funcion-del-cineclub-del-iaaer","status":"publish","type":"post","link":"https:\/\/www.entrerios.gov.ar\/cultura\/se-realizara-una-nueva-funcion-del-cineclub-del-iaaer\/","title":{"rendered":"Se realizar\u00e1 una nueva funci\u00f3n del Cineclub del IAAER"},"content":{"rendered":"\n<p>El encuentro ser\u00e1 este martes a las 19 en la Sala Rub\u00e9n Noble (Gregoria Matorras 861, de Paran\u00e1), con la proyecci\u00f3n de El canto de la selva (2019, Brasil), de los directores Ren\u00e9e Nader Messora, Jo\u00e3o Salaviza. El acceso es libre y gratuito. Organiza la Secretar\u00eda de Cultura de la provincia a trav\u00e9s del Instituto Aut\u00e1rquico Audiovisual de Entre R\u00edos (IAAER).<\/p>\n\n\n\n<p>La nueva programaci\u00f3n de pel\u00edculas se agrupa bajo el t\u00edtulo Bordes de mundo. Forma del encuentro. La trama del film est\u00e1 alrededor de la figura de Ihj\u00e3c, un joven ind\u00edgena krah\u00f4 que vive en el norte de Brasil, quien debe organizar la ceremonia f\u00fanebre que concluye el duelo y permite que el esp\u00edritu de su fallecido padre llegue al pueblo de los muertos.<\/p>\n\n\n\n<p><strong>Charla <\/strong><\/p>\n\n\n\n<p>Esta semana participar\u00e1 de la charla con el p\u00fablico sobre los t\u00f3picos de la historia la profesora universitaria de Filosof\u00eda, Psicolog\u00eda y Pedagog\u00eda, N\u00e9lida Beatriz Zubillaga.<\/p>\n\n\n\n<p>La propuesta de este nuevo ciclo se genera en la idea del encuentro de mundos y lo que sucede con sus contactos, fusiones, articulaciones y conflictos. Las reacciones diferentes frente al encuentro inexorable con lo propiamente humano, con sus bondades y sus miserias.<\/p>\n\n\n\n<p>La pr\u00f3xima pel\u00edcula ser\u00e1 el martes 12, a las 19, con El etn\u00f3grafo, (2012) \u00faltimo documental del cineasta Ulises Rosell.<\/p>\n\n\n\n<p>(Prensa IAAER)&nbsp;<\/p>\n","protected":false},"excerpt":{"rendered":"<p>El encuentro ser\u00e1 este martes a las 19 en la Sala Rub\u00e9n Noble (Gregoria Matorras 861, de Paran\u00e1), con la proyecci\u00f3n de El canto de la selva (2019, Brasil), de los directores Ren\u00e9e Nader Messora, Jo\u00e3o Salaviza. El acceso es libre y gratuito. Organiza la Secretar\u00eda de Cultura de la provincia a trav\u00e9s del Instituto [&hellip;]<\/p>\n","protected":false},"author":5,"featured_media":14559,"comment_status":"open","ping_status":"open","sticky":false,"template":"","format":"standard","meta":{"_et_pb_use_builder":"off","_et_pb_old_content":"","_et_gb_content_width":"","footnotes":""},"categories":[28,4],"tags":[],"class_list":["post-14558","post","type-post","status-publish","format-standard","has-post-thumbnail","hentry","category-noticias","category-iaaer"],"_links":{"self":[{"href":"https:\/\/www.entrerios.gov.ar\/cultura\/wp-json\/wp\/v2\/posts\/14558","targetHints":{"allow":["GET"]}}],"collection":[{"href":"https:\/\/www.entrerios.gov.ar\/cultura\/wp-json\/wp\/v2\/posts"}],"about":[{"href":"https:\/\/www.entrerios.gov.ar\/cultura\/wp-json\/wp\/v2\/types\/post"}],"author":[{"embeddable":true,"href":"https:\/\/www.entrerios.gov.ar\/cultura\/wp-json\/wp\/v2\/users\/5"}],"replies":[{"embeddable":true,"href":"https:\/\/www.entrerios.gov.ar\/cultura\/wp-json\/wp\/v2\/comments?post=14558"}],"version-history":[{"count":2,"href":"https:\/\/www.entrerios.gov.ar\/cultura\/wp-json\/wp\/v2\/posts\/14558\/revisions"}],"predecessor-version":[{"id":14561,"href":"https:\/\/www.entrerios.gov.ar\/cultura\/wp-json\/wp\/v2\/posts\/14558\/revisions\/14561"}],"wp:featuredmedia":[{"embeddable":true,"href":"https:\/\/www.entrerios.gov.ar\/cultura\/wp-json\/wp\/v2\/media\/14559"}],"wp:attachment":[{"href":"https:\/\/www.entrerios.gov.ar\/cultura\/wp-json\/wp\/v2\/media?parent=14558"}],"wp:term":[{"taxonomy":"category","embeddable":true,"href":"https:\/\/www.entrerios.gov.ar\/cultura\/wp-json\/wp\/v2\/categories?post=14558"},{"taxonomy":"post_tag","embeddable":true,"href":"https:\/\/www.entrerios.gov.ar\/cultura\/wp-json\/wp\/v2\/tags?post=14558"}],"curies":[{"name":"wp","href":"https:\/\/api.w.org\/{rel}","templated":true}]}}