{"id":14852,"date":"2025-08-25T12:11:10","date_gmt":"2025-08-25T12:11:10","guid":{"rendered":"https:\/\/www.entrerios.gov.ar\/cultura\/?p=14852"},"modified":"2025-08-25T12:11:13","modified_gmt":"2025-08-25T12:11:13","slug":"finalizo-una-convocante-edicion-del-encuentro-entrerriano-de-teatro-en-parana","status":"publish","type":"post","link":"https:\/\/www.entrerios.gov.ar\/cultura\/finalizo-una-convocante-edicion-del-encuentro-entrerriano-de-teatro-en-parana\/","title":{"rendered":"Finaliz\u00f3 una convocante edici\u00f3n del Encuentro Entrerriano de Teatro en Paran\u00e1"},"content":{"rendered":"\n<p>El evento, con participaci\u00f3n de elencos de distintas localidades de la provincia, culmin\u00f3 este domingo. Hubo m\u00e1s funciones a sala llena y una entrega de premios a la trayectoria. Organiz\u00f3 la Secretar\u00eda de Cultura de Entre R\u00edos, dependiente del Ministerio de Gobierno y Trabajo, y el Consejo de Teatro Independiente de Entre R\u00edos (ConTIER).<\/p>\n\n\n\n<p>El secretario de Cultura de Entre R\u00edos, Juli\u00e1n Stoppello, valor\u00f3 \u201cdarle continuidad a un evento con mucha historia y que ha sido inspirador para generar, en esta gesti\u00f3n, otros encuentros provinciales itinerantes en distintas ramas art\u00edsticas\u201d. Luego, agradeci\u00f3 \u201ca los trabajadores del \u00e1rea, las salas y al p\u00fablico, por hacer posible una edici\u00f3n participativa y federal, que son ejes fundamentales de este Gobierno para la cultura\u201d.<\/p>\n\n\n\n<p>La directora del ConTIER, Cristina Witschi, destac\u00f3 poder \u201cconectar al p\u00fablico con el teatro entrerriano y seguir trabajando por el desarrollo del sector en las distintas regiones\u201d. Tambi\u00e9n remarc\u00f3 que se concret\u00f3 una \u201cprevia federal por primera vez con la Semana del Teatro, que tuvo funciones gratuitas en once localidades de la provincia\u201d.&nbsp;<\/p>\n\n\n\n<p>La \u00faltima jornada del Encuentro comenz\u00f3 con una reuni\u00f3n del ConTIER y sus representantes regionales para compartir acciones realizadas e intercambiar informaci\u00f3n sobre la planificaci\u00f3n del segundo semestre. Ya por la tarde, continu\u00f3 la presentaci\u00f3n de obras con Expedici\u00f3n <em>Terer\u00e9, tras la joya del monte<\/em> (Villaguay, para infancias),<em> Sol de noche <\/em>(Victoria) y <em>De cuerpo y alma<\/em> (Concepci\u00f3n del Uruguay).<\/p>\n\n\n\n<figure class=\"wp-block-image\"><img loading=\"lazy\" decoding=\"async\" width=\"1600\" height=\"1066\" src=\"https:\/\/www.entrerios.gov.ar\/cultura\/wp-content\/uploads\/2025\/08\/AD_4nXf6wkGa3ERWS8S26MU5UNGXjt7X-6XCHoVKV_2NoHg8Hwd2Abb6fd439MCioDs9BLJs8sQdJ-dIpFREOqU73Dviu03VmWRvsE7AnLTHXZT2PxGLTRavgK_GlS8UH1Hhfdm-Lm9UBA.jpg\" alt=\"\" class=\"wp-image-14854\" srcset=\"https:\/\/www.entrerios.gov.ar\/cultura\/wp-content\/uploads\/2025\/08\/AD_4nXf6wkGa3ERWS8S26MU5UNGXjt7X-6XCHoVKV_2NoHg8Hwd2Abb6fd439MCioDs9BLJs8sQdJ-dIpFREOqU73Dviu03VmWRvsE7AnLTHXZT2PxGLTRavgK_GlS8UH1Hhfdm-Lm9UBA.jpg 1600w, https:\/\/www.entrerios.gov.ar\/cultura\/wp-content\/uploads\/2025\/08\/AD_4nXf6wkGa3ERWS8S26MU5UNGXjt7X-6XCHoVKV_2NoHg8Hwd2Abb6fd439MCioDs9BLJs8sQdJ-dIpFREOqU73Dviu03VmWRvsE7AnLTHXZT2PxGLTRavgK_GlS8UH1Hhfdm-Lm9UBA-1280x853.jpg 1280w, https:\/\/www.entrerios.gov.ar\/cultura\/wp-content\/uploads\/2025\/08\/AD_4nXf6wkGa3ERWS8S26MU5UNGXjt7X-6XCHoVKV_2NoHg8Hwd2Abb6fd439MCioDs9BLJs8sQdJ-dIpFREOqU73Dviu03VmWRvsE7AnLTHXZT2PxGLTRavgK_GlS8UH1Hhfdm-Lm9UBA-980x653.jpg 980w, https:\/\/www.entrerios.gov.ar\/cultura\/wp-content\/uploads\/2025\/08\/AD_4nXf6wkGa3ERWS8S26MU5UNGXjt7X-6XCHoVKV_2NoHg8Hwd2Abb6fd439MCioDs9BLJs8sQdJ-dIpFREOqU73Dviu03VmWRvsE7AnLTHXZT2PxGLTRavgK_GlS8UH1Hhfdm-Lm9UBA-480x320.jpg 480w\" sizes=\"auto, (min-width: 0px) and (max-width: 480px) 480px, (min-width: 481px) and (max-width: 980px) 980px, (min-width: 981px) and (max-width: 1280px) 1280px, (min-width: 1281px) 1600px, 100vw\" \/><\/figure>\n\n\n\n<p>A la noche se desarroll\u00f3 un reconocimiento a la trayectoria de referentes y trabajadores del teatro de la provincia: Celia Pilnik, Adolfo Jes\u00fas Lucca, Charo Montiel, Marta Cot y Joel Rocha. Tambi\u00e9n, se entreg\u00f3 un premio honor\u00edfico a Carlos Enrique Zelayeta. El cierre fue con la obra <em>Que hablen otras partes de m\u00ed<\/em> (Gualeguay).&nbsp;&nbsp;<\/p>\n\n\n\n<p>El Encuentro Entrerriano de Teatro forma parte de Cuac! (Cultura Activa), un programa anual de actividades que la Secretar\u00eda de Cultura de Entre R\u00edos desarrolla en toda la provincia. Este a\u00f1o se realizaron tambi\u00e9n Encuentros Entrerrianos en Galarza (Muralismo), Diamante (M\u00fasica) y Chajar\u00ed (Artes Visuales).<\/p>\n\n\n\n<figure class=\"wp-block-image\"><img loading=\"lazy\" decoding=\"async\" width=\"1600\" height=\"1066\" src=\"https:\/\/www.entrerios.gov.ar\/cultura\/wp-content\/uploads\/2025\/08\/AD_4nXeL0zeijfF_Z22otSdHhwnsYb8Kgu91XYHYEs5Q1FVeam1CLmG1WwmwfjSYGH7fNmKquE50SWp7mbxg_fsn7ulD7bi4eyTHT0RFY6PK1YkLJJJFK-27s1tP7CKOr8nP_YHObrsw7A.jpg\" alt=\"\" class=\"wp-image-14855\" srcset=\"https:\/\/www.entrerios.gov.ar\/cultura\/wp-content\/uploads\/2025\/08\/AD_4nXeL0zeijfF_Z22otSdHhwnsYb8Kgu91XYHYEs5Q1FVeam1CLmG1WwmwfjSYGH7fNmKquE50SWp7mbxg_fsn7ulD7bi4eyTHT0RFY6PK1YkLJJJFK-27s1tP7CKOr8nP_YHObrsw7A.jpg 1600w, https:\/\/www.entrerios.gov.ar\/cultura\/wp-content\/uploads\/2025\/08\/AD_4nXeL0zeijfF_Z22otSdHhwnsYb8Kgu91XYHYEs5Q1FVeam1CLmG1WwmwfjSYGH7fNmKquE50SWp7mbxg_fsn7ulD7bi4eyTHT0RFY6PK1YkLJJJFK-27s1tP7CKOr8nP_YHObrsw7A-1280x853.jpg 1280w, https:\/\/www.entrerios.gov.ar\/cultura\/wp-content\/uploads\/2025\/08\/AD_4nXeL0zeijfF_Z22otSdHhwnsYb8Kgu91XYHYEs5Q1FVeam1CLmG1WwmwfjSYGH7fNmKquE50SWp7mbxg_fsn7ulD7bi4eyTHT0RFY6PK1YkLJJJFK-27s1tP7CKOr8nP_YHObrsw7A-980x653.jpg 980w, https:\/\/www.entrerios.gov.ar\/cultura\/wp-content\/uploads\/2025\/08\/AD_4nXeL0zeijfF_Z22otSdHhwnsYb8Kgu91XYHYEs5Q1FVeam1CLmG1WwmwfjSYGH7fNmKquE50SWp7mbxg_fsn7ulD7bi4eyTHT0RFY6PK1YkLJJJFK-27s1tP7CKOr8nP_YHObrsw7A-480x320.jpg 480w\" sizes=\"auto, (min-width: 0px) and (max-width: 480px) 480px, (min-width: 481px) and (max-width: 980px) 980px, (min-width: 981px) and (max-width: 1280px) 1280px, (min-width: 1281px) 1600px, 100vw\" \/><\/figure>\n\n\n\n<p>El registro fotogr\u00e1fico y audiovisual del Encuentro se puede visitar y compartir en el siguiente <a href=\"https:\/\/www.flickr.com\/photos\/culturaerenfotos\/albums\/\" target=\"_blank\" rel=\"noreferrer noopener\">ENLACE<\/a> y a trav\u00e9s de @culturaentrerios (IG)<\/p>\n\n\n\n<figure class=\"wp-block-image\"><img loading=\"lazy\" decoding=\"async\" width=\"1600\" height=\"1066\" src=\"https:\/\/www.entrerios.gov.ar\/cultura\/wp-content\/uploads\/2025\/08\/AD_4nXfaHP8sUwkvqSowfagXI0NeiIY4PhUBNgs-I1qTEwywJbWMWTtDkRCbkfqLfcHORKy7G4-27bgthjIh5IrUtgkc61jrPPqYYPkar9cbHyolw95qEEf39hV6_eo7R8ccahEdkneP.jpg\" alt=\"\" class=\"wp-image-14856\" srcset=\"https:\/\/www.entrerios.gov.ar\/cultura\/wp-content\/uploads\/2025\/08\/AD_4nXfaHP8sUwkvqSowfagXI0NeiIY4PhUBNgs-I1qTEwywJbWMWTtDkRCbkfqLfcHORKy7G4-27bgthjIh5IrUtgkc61jrPPqYYPkar9cbHyolw95qEEf39hV6_eo7R8ccahEdkneP.jpg 1600w, https:\/\/www.entrerios.gov.ar\/cultura\/wp-content\/uploads\/2025\/08\/AD_4nXfaHP8sUwkvqSowfagXI0NeiIY4PhUBNgs-I1qTEwywJbWMWTtDkRCbkfqLfcHORKy7G4-27bgthjIh5IrUtgkc61jrPPqYYPkar9cbHyolw95qEEf39hV6_eo7R8ccahEdkneP-1280x853.jpg 1280w, https:\/\/www.entrerios.gov.ar\/cultura\/wp-content\/uploads\/2025\/08\/AD_4nXfaHP8sUwkvqSowfagXI0NeiIY4PhUBNgs-I1qTEwywJbWMWTtDkRCbkfqLfcHORKy7G4-27bgthjIh5IrUtgkc61jrPPqYYPkar9cbHyolw95qEEf39hV6_eo7R8ccahEdkneP-980x653.jpg 980w, https:\/\/www.entrerios.gov.ar\/cultura\/wp-content\/uploads\/2025\/08\/AD_4nXfaHP8sUwkvqSowfagXI0NeiIY4PhUBNgs-I1qTEwywJbWMWTtDkRCbkfqLfcHORKy7G4-27bgthjIh5IrUtgkc61jrPPqYYPkar9cbHyolw95qEEf39hV6_eo7R8ccahEdkneP-480x320.jpg 480w\" sizes=\"auto, (min-width: 0px) and (max-width: 480px) 480px, (min-width: 481px) and (max-width: 980px) 980px, (min-width: 981px) and (max-width: 1280px) 1280px, (min-width: 1281px) 1600px, 100vw\" \/><\/figure>\n","protected":false},"excerpt":{"rendered":"<p>El evento, con participaci\u00f3n de elencos de distintas localidades de la provincia, culmin\u00f3 este domingo. Hubo m\u00e1s funciones a sala llena y una entrega de premios a la trayectoria. Organiz\u00f3 la Secretar\u00eda de Cultura de Entre R\u00edos, dependiente del Ministerio de Gobierno y Trabajo, y el Consejo de Teatro Independiente de Entre R\u00edos (ConTIER). El [&hellip;]<\/p>\n","protected":false},"author":5,"featured_media":14853,"comment_status":"open","ping_status":"open","sticky":false,"template":"","format":"standard","meta":{"_et_pb_use_builder":"off","_et_pb_old_content":"","_et_gb_content_width":"","footnotes":""},"categories":[28,132],"tags":[],"class_list":["post-14852","post","type-post","status-publish","format-standard","has-post-thumbnail","hentry","category-noticias","category-consejo-provincial-de-teatro"],"_links":{"self":[{"href":"https:\/\/www.entrerios.gov.ar\/cultura\/wp-json\/wp\/v2\/posts\/14852","targetHints":{"allow":["GET"]}}],"collection":[{"href":"https:\/\/www.entrerios.gov.ar\/cultura\/wp-json\/wp\/v2\/posts"}],"about":[{"href":"https:\/\/www.entrerios.gov.ar\/cultura\/wp-json\/wp\/v2\/types\/post"}],"author":[{"embeddable":true,"href":"https:\/\/www.entrerios.gov.ar\/cultura\/wp-json\/wp\/v2\/users\/5"}],"replies":[{"embeddable":true,"href":"https:\/\/www.entrerios.gov.ar\/cultura\/wp-json\/wp\/v2\/comments?post=14852"}],"version-history":[{"count":1,"href":"https:\/\/www.entrerios.gov.ar\/cultura\/wp-json\/wp\/v2\/posts\/14852\/revisions"}],"predecessor-version":[{"id":14857,"href":"https:\/\/www.entrerios.gov.ar\/cultura\/wp-json\/wp\/v2\/posts\/14852\/revisions\/14857"}],"wp:featuredmedia":[{"embeddable":true,"href":"https:\/\/www.entrerios.gov.ar\/cultura\/wp-json\/wp\/v2\/media\/14853"}],"wp:attachment":[{"href":"https:\/\/www.entrerios.gov.ar\/cultura\/wp-json\/wp\/v2\/media?parent=14852"}],"wp:term":[{"taxonomy":"category","embeddable":true,"href":"https:\/\/www.entrerios.gov.ar\/cultura\/wp-json\/wp\/v2\/categories?post=14852"},{"taxonomy":"post_tag","embeddable":true,"href":"https:\/\/www.entrerios.gov.ar\/cultura\/wp-json\/wp\/v2\/tags?post=14852"}],"curies":[{"name":"wp","href":"https:\/\/api.w.org\/{rel}","templated":true}]}}