{"id":15482,"date":"2025-10-20T11:49:13","date_gmt":"2025-10-20T11:49:13","guid":{"rendered":"https:\/\/www.entrerios.gov.ar\/cultura\/?p=15482"},"modified":"2025-10-20T14:08:33","modified_gmt":"2025-10-20T14:08:33","slug":"teatro-entrerriano-lanzan-la-convocatoria-del-programa-primera-edicion-de-evento","status":"publish","type":"post","link":"https:\/\/www.entrerios.gov.ar\/cultura\/teatro-entrerriano-lanzan-la-convocatoria-del-programa-primera-edicion-de-evento\/","title":{"rendered":"Teatro Entrerriano: Lanzan la convocatoria del programa Primera Edici\u00f3n de Evento"},"content":{"rendered":"\n<p>Es una iniciativa del Consejo de Teatro Independiente de Entre R\u00edos (CONTIER), dependiente de la Secretar\u00eda de Cultura de la provincia. Se da en el marco del d\u00eda del Teatro Independiente Entrerriano que se conmemora cada 20 de octubre. La inscripci\u00f3n es online, hasta el 2 de noviembre inclusive.<\/p>\n\n\n\n<p>Los proyectos ser\u00e1n seleccionados por el jurado convocado al efecto y el apoyo del CONTIER ser\u00e1 mediante aportes no reintegrables de $2.500.000.<\/p>\n\n\n\n<p>Se seleccionar\u00e1n 3 proyectos por regi\u00f3n.<\/p>\n\n\n\n<p>Link a reglamento: <a href=\"https:\/\/drive.google.com\/file\/d\/1SuasQH2D2ViaMU4TjeyIqBzzDzbi0V0h\/view?fbclid=IwY2xjawNi-2dleHRuA2FlbQIxMABicmlkETF0djk2dGIxMFY5NHJuRFJXAR7gFF1yOS_0VGIITJWu5nY79r6lE_qJAxH3lIWY43qLTrP1bOuvkrCjCs14eQ_aem_yGLGc0_DRy3grH4I0ZeHGg\" target=\"_blank\" rel=\"noreferrer noopener\">REGLAMENTO<\/a>&nbsp;<\/p>\n\n\n\n<p>Link a formulario de inscripci\u00f3n: <a href=\"https:\/\/docs.google.com\/forms\/d\/e\/1FAIpQLSdpNfW_ObSRSsJhKCNCOD7DZJfUCxEKjtL60c3jb5gx9O36jw\/viewform\" target=\"_blank\" rel=\"noreferrer noopener\">INSCRIPCI\u00d3N<\/a><\/p>\n\n\n\n<p>Se denomina evento en esta convocatoria a aquellos que tengan formato de: Festival, Circuito, Ciclo, Congreso, Encuentro, Residencia art\u00edstica, que incluyan una sucesi\u00f3n de acontecimientos (cuatro como m\u00ednimo) continuos o discontinuos, relacionados directamente con el hacer teatral (obras, talleres, muestra, etc.), en un per\u00edodo de tiempo determinado, abierto al p\u00fablico y a las personas hacedoras del quehacer teatral, y que sea la primera edici\u00f3n en el territorio entrerriano, propiciando el fomento de la actividad teatral, la circulaci\u00f3n de obras, seminarios, talleres, y gesti\u00f3n de p\u00fablicos de las diferentes regiones que componen la provincia.<\/p>\n\n\n\n<p>Tener en cuenta que el equipo de organizaci\u00f3n del evento deber\u00e1 estar empadronado al momento de la apertura de la convocatoria para poder aplicar a la misma.<\/p>\n","protected":false},"excerpt":{"rendered":"<p>Es una iniciativa del Consejo de Teatro Independiente de Entre R\u00edos (CONTIER), dependiente de la Secretar\u00eda de Cultura de la provincia. Se da en el marco del d\u00eda del Teatro Independiente Entrerriano que se conmemora cada 20 de octubre. La inscripci\u00f3n es online, hasta el 2 de noviembre inclusive. Los proyectos ser\u00e1n seleccionados por el [&hellip;]<\/p>\n","protected":false},"author":49,"featured_media":15483,"comment_status":"open","ping_status":"open","sticky":false,"template":"","format":"standard","meta":{"_et_pb_use_builder":"off","_et_pb_old_content":"","_et_gb_content_width":"","footnotes":""},"categories":[28,132],"tags":[],"class_list":["post-15482","post","type-post","status-publish","format-standard","has-post-thumbnail","hentry","category-noticias","category-consejo-provincial-de-teatro"],"_links":{"self":[{"href":"https:\/\/www.entrerios.gov.ar\/cultura\/wp-json\/wp\/v2\/posts\/15482","targetHints":{"allow":["GET"]}}],"collection":[{"href":"https:\/\/www.entrerios.gov.ar\/cultura\/wp-json\/wp\/v2\/posts"}],"about":[{"href":"https:\/\/www.entrerios.gov.ar\/cultura\/wp-json\/wp\/v2\/types\/post"}],"author":[{"embeddable":true,"href":"https:\/\/www.entrerios.gov.ar\/cultura\/wp-json\/wp\/v2\/users\/49"}],"replies":[{"embeddable":true,"href":"https:\/\/www.entrerios.gov.ar\/cultura\/wp-json\/wp\/v2\/comments?post=15482"}],"version-history":[{"count":5,"href":"https:\/\/www.entrerios.gov.ar\/cultura\/wp-json\/wp\/v2\/posts\/15482\/revisions"}],"predecessor-version":[{"id":15493,"href":"https:\/\/www.entrerios.gov.ar\/cultura\/wp-json\/wp\/v2\/posts\/15482\/revisions\/15493"}],"wp:featuredmedia":[{"embeddable":true,"href":"https:\/\/www.entrerios.gov.ar\/cultura\/wp-json\/wp\/v2\/media\/15483"}],"wp:attachment":[{"href":"https:\/\/www.entrerios.gov.ar\/cultura\/wp-json\/wp\/v2\/media?parent=15482"}],"wp:term":[{"taxonomy":"category","embeddable":true,"href":"https:\/\/www.entrerios.gov.ar\/cultura\/wp-json\/wp\/v2\/categories?post=15482"},{"taxonomy":"post_tag","embeddable":true,"href":"https:\/\/www.entrerios.gov.ar\/cultura\/wp-json\/wp\/v2\/tags?post=15482"}],"curies":[{"name":"wp","href":"https:\/\/api.w.org\/{rel}","templated":true}]}}