{"id":15563,"date":"2025-10-29T11:18:39","date_gmt":"2025-10-29T11:18:39","guid":{"rendered":"https:\/\/www.entrerios.gov.ar\/cultura\/?p=15563"},"modified":"2025-10-29T11:18:41","modified_gmt":"2025-10-29T11:18:41","slug":"invitan-a-participar-de-un-encuentro-con-las-artistas-que-exponen-arte-contemporaneo-en-aura","status":"publish","type":"post","link":"https:\/\/www.entrerios.gov.ar\/cultura\/invitan-a-participar-de-un-encuentro-con-las-artistas-que-exponen-arte-contemporaneo-en-aura\/","title":{"rendered":"Invitan a participar de un encuentro con las artistas que exponen arte contempor\u00e1neo en AURA"},"content":{"rendered":"\n<p>Se trata de \u00bfPor qu\u00e9 Per\u00fa al final?, un conversatorio abierto para dialogar con las artistas de la muestra inaugurada recientemente en este espacio ubicado en Alameda de la Federaci\u00f3n 557, Paran\u00e1. Ser\u00e1 este s\u00e1bado 1 de noviembre de 18 a 19.30 H, con acceso libre y gratuito y sin inscripci\u00f3n previa.<\/p>\n\n\n\n<p><\/p>\n\n\n\n<p>Desde la coordinaci\u00f3n de AURA Centro Experimental de Arte Contempor\u00e1neo de Entre R\u00edos, creado por la Secretar\u00eda de Cultura provincial, se inform\u00f3 que durante cada per\u00edodo de exposici\u00f3n se trabaja para que instituciones art\u00edsticas y educativas puedan realizar visitas guiadas, adem\u00e1s de ofrecer otras propuestas al p\u00fablico.<\/p>\n\n\n\n<p>En este marco, el conversatorio de este s\u00e1bado es una activaci\u00f3n para hablar sobre procesos de producci\u00f3n grupales, b\u00fasquedas conceptuales y propuestas expositivas junto a las 12 integrantes de este colectivo art\u00edstico. La muestra Per\u00fa al final explora, a trav\u00e9s de distintos objetos y t\u00e9cnicas, los ornamentos y rituales funerarios, el recuerdo de las ausencias; tambi\u00e9n las ofrendas y ceremonias con alimentos, objetos y flores.<\/p>\n\n\n\n<p><\/p>\n\n\n\n<figure class=\"wp-block-image size-large\"><img loading=\"lazy\" decoding=\"async\" width=\"1024\" height=\"683\" src=\"https:\/\/www.entrerios.gov.ar\/cultura\/wp-content\/uploads\/2025\/10\/image-15-1024x683.jpeg\" alt=\"\" class=\"wp-image-15565\" srcset=\"https:\/\/www.entrerios.gov.ar\/cultura\/wp-content\/uploads\/2025\/10\/image-15-980x654.jpeg 980w, https:\/\/www.entrerios.gov.ar\/cultura\/wp-content\/uploads\/2025\/10\/image-15-480x320.jpeg 480w\" sizes=\"auto, (min-width: 0px) and (max-width: 480px) 480px, (min-width: 481px) and (max-width: 980px) 980px, (min-width: 981px) 1024px, 100vw\" \/><\/figure>\n\n\n\n<p><\/p>\n\n\n\n<p>Las artistas que integran el proyecto son: Elina Aguilar, Valentina Bolcatto, Carla Brugo, Bel\u00e9n C\u00e9spedes, Floriana Lazzaneo, Ver\u00f3nica Moreira, Victoria Rold\u00e1n, Daniela Rudel, Cecilia Ruiz, Florencia Sabattini, Luciana Scutell\u00e1 y Luc\u00eda Tejera.<\/p>\n\n\n\n<p><strong>Para ver la muestra<\/strong><\/p>\n\n\n\n<p>Per\u00fa al Final se puede visitar en Alameda de la Federaci\u00f3n 557, los martes y mi\u00e9rcoles de 9 a 12.30; jueves, viernes y s\u00e1bados de 17 a 20. Durante el per\u00edodo de exposici\u00f3n continuar\u00e1n las actividades participativas con el p\u00fablico.<\/p>\n","protected":false},"excerpt":{"rendered":"<p>Se trata de \u00bfPor qu\u00e9 Per\u00fa al final?, un conversatorio abierto para dialogar con las artistas de la muestra inaugurada recientemente en este espacio ubicado en Alameda de la Federaci\u00f3n 557, Paran\u00e1. Ser\u00e1 este s\u00e1bado 1 de noviembre de 18 a 19.30 H, con acceso libre y gratuito y sin inscripci\u00f3n previa. Desde la coordinaci\u00f3n [&hellip;]<\/p>\n","protected":false},"author":49,"featured_media":15566,"comment_status":"open","ping_status":"open","sticky":false,"template":"","format":"standard","meta":{"_et_pb_use_builder":"off","_et_pb_old_content":"","_et_gb_content_width":"","footnotes":""},"categories":[28,139],"tags":[],"class_list":["post-15563","post","type-post","status-publish","format-standard","has-post-thumbnail","hentry","category-noticias","category-ceacer-aura"],"_links":{"self":[{"href":"https:\/\/www.entrerios.gov.ar\/cultura\/wp-json\/wp\/v2\/posts\/15563","targetHints":{"allow":["GET"]}}],"collection":[{"href":"https:\/\/www.entrerios.gov.ar\/cultura\/wp-json\/wp\/v2\/posts"}],"about":[{"href":"https:\/\/www.entrerios.gov.ar\/cultura\/wp-json\/wp\/v2\/types\/post"}],"author":[{"embeddable":true,"href":"https:\/\/www.entrerios.gov.ar\/cultura\/wp-json\/wp\/v2\/users\/49"}],"replies":[{"embeddable":true,"href":"https:\/\/www.entrerios.gov.ar\/cultura\/wp-json\/wp\/v2\/comments?post=15563"}],"version-history":[{"count":1,"href":"https:\/\/www.entrerios.gov.ar\/cultura\/wp-json\/wp\/v2\/posts\/15563\/revisions"}],"predecessor-version":[{"id":15567,"href":"https:\/\/www.entrerios.gov.ar\/cultura\/wp-json\/wp\/v2\/posts\/15563\/revisions\/15567"}],"wp:featuredmedia":[{"embeddable":true,"href":"https:\/\/www.entrerios.gov.ar\/cultura\/wp-json\/wp\/v2\/media\/15566"}],"wp:attachment":[{"href":"https:\/\/www.entrerios.gov.ar\/cultura\/wp-json\/wp\/v2\/media?parent=15563"}],"wp:term":[{"taxonomy":"category","embeddable":true,"href":"https:\/\/www.entrerios.gov.ar\/cultura\/wp-json\/wp\/v2\/categories?post=15563"},{"taxonomy":"post_tag","embeddable":true,"href":"https:\/\/www.entrerios.gov.ar\/cultura\/wp-json\/wp\/v2\/tags?post=15563"}],"curies":[{"name":"wp","href":"https:\/\/api.w.org\/{rel}","templated":true}]}}