{"id":15579,"date":"2025-10-31T11:26:48","date_gmt":"2025-10-31T11:26:48","guid":{"rendered":"https:\/\/www.entrerios.gov.ar\/cultura\/?p=15579"},"modified":"2025-10-31T11:26:50","modified_gmt":"2025-10-31T11:26:50","slug":"invitan-a-una-nueva-muestra-en-casa-de-la-cultura-de-entre-rios","status":"publish","type":"post","link":"https:\/\/www.entrerios.gov.ar\/cultura\/invitan-a-una-nueva-muestra-en-casa-de-la-cultura-de-entre-rios\/","title":{"rendered":"Invitan a una nueva muestra en Casa de la Cultura de Entre R\u00edos"},"content":{"rendered":"\n<p>El pr\u00f3ximo jueves 6 de noviembre se inaugurar\u00e1 la muestra Reflejos de un Sue\u00f1o, donde presentar\u00e1n sus trabajos Adriana Tessore, Soledad Tessore, Mar\u00eda Valente Hupp y Claudio Osan en la Sala Expandida. La cita ser\u00e1 a partir de las 20 en la Casa de la Cultura (9 de Julio y Carb\u00f3). Actividad con acceso libre y gratuito.<\/p>\n\n\n\n<p><\/p>\n\n\n\n<p>El hilo conductor de la propuesta es la obra literaria Alicia en el Pa\u00eds de las Maravillas, de Lewis Carroll; invitando al espectador a formar parte de ese mundo l\u00fadico, expresado en cuatro \u00e1reas de producci\u00f3n art\u00edstica: fotograf\u00eda, pintura, dibujo y escultura.<\/p>\n\n\n\n<p><strong>Sobre Reflejos de un Sue\u00f1o<\/strong><\/p>\n\n\n\n<p>La obra de Lewis Carroll, este relato que guarda en su g\u00e9nesis algo m\u00e1s que las aventuras de una ni\u00f1a en un mundo imaginario, es el motivo de la b\u00fasqueda multidisciplinaria que presentar\u00e1n los trabajos. El protagonismo de Alicia que como obra literaria gira en torno al crecimiento, la imaginaci\u00f3n y la importancia de la auto percepci\u00f3n, inspir\u00f3 las obras con la intenci\u00f3n de provocar la reflexi\u00f3n sobre la naturaleza de la realidad, los sue\u00f1os, la experiencia y c\u00f3mo nos posicionamos en un punto referencial del mundo adulto.<\/p>\n\n\n\n<p><strong>Acerca de Sala Expandida<\/strong><\/p>\n\n\n\n<p>En Sala Expandida participan artistas de la provincia que exhiben sus creaciones combinando formatos bidimensionales, objetos, ambientes sonoros y proyecciones. El lugar se presenta como una vidriera para la difusi\u00f3n de la obra art\u00edstica provincial, alimentando el flujo de un corredor cultural en expansi\u00f3n, tanto en formato f\u00edsico como digital. Impulsando la venta de obras, facilitando el acceso al arte y fomentando la econom\u00eda creativa local.<\/p>\n\n\n\n<p>La muestra se podr\u00e1 visitar de lunes a viernes de 7 a 13 y de 17 a 21. S\u00e1bados de tarde\/noche seg\u00fan las actividades que se desarrollen en el edificio, hasta el 27 de noviembre.&nbsp;<\/p>\n","protected":false},"excerpt":{"rendered":"<p>El pr\u00f3ximo jueves 6 de noviembre se inaugurar\u00e1 la muestra Reflejos de un Sue\u00f1o, donde presentar\u00e1n sus trabajos Adriana Tessore, Soledad Tessore, Mar\u00eda Valente Hupp y Claudio Osan en la Sala Expandida. La cita ser\u00e1 a partir de las 20 en la Casa de la Cultura (9 de Julio y Carb\u00f3). Actividad con acceso libre [&hellip;]<\/p>\n","protected":false},"author":49,"featured_media":15581,"comment_status":"open","ping_status":"open","sticky":false,"template":"","format":"standard","meta":{"_et_pb_use_builder":"off","_et_pb_old_content":"","_et_gb_content_width":"","footnotes":""},"categories":[28,19],"tags":[],"class_list":["post-15579","post","type-post","status-publish","format-standard","has-post-thumbnail","hentry","category-noticias","category-casa-de-la-cultura-de-er"],"_links":{"self":[{"href":"https:\/\/www.entrerios.gov.ar\/cultura\/wp-json\/wp\/v2\/posts\/15579","targetHints":{"allow":["GET"]}}],"collection":[{"href":"https:\/\/www.entrerios.gov.ar\/cultura\/wp-json\/wp\/v2\/posts"}],"about":[{"href":"https:\/\/www.entrerios.gov.ar\/cultura\/wp-json\/wp\/v2\/types\/post"}],"author":[{"embeddable":true,"href":"https:\/\/www.entrerios.gov.ar\/cultura\/wp-json\/wp\/v2\/users\/49"}],"replies":[{"embeddable":true,"href":"https:\/\/www.entrerios.gov.ar\/cultura\/wp-json\/wp\/v2\/comments?post=15579"}],"version-history":[{"count":1,"href":"https:\/\/www.entrerios.gov.ar\/cultura\/wp-json\/wp\/v2\/posts\/15579\/revisions"}],"predecessor-version":[{"id":15582,"href":"https:\/\/www.entrerios.gov.ar\/cultura\/wp-json\/wp\/v2\/posts\/15579\/revisions\/15582"}],"wp:featuredmedia":[{"embeddable":true,"href":"https:\/\/www.entrerios.gov.ar\/cultura\/wp-json\/wp\/v2\/media\/15581"}],"wp:attachment":[{"href":"https:\/\/www.entrerios.gov.ar\/cultura\/wp-json\/wp\/v2\/media?parent=15579"}],"wp:term":[{"taxonomy":"category","embeddable":true,"href":"https:\/\/www.entrerios.gov.ar\/cultura\/wp-json\/wp\/v2\/categories?post=15579"},{"taxonomy":"post_tag","embeddable":true,"href":"https:\/\/www.entrerios.gov.ar\/cultura\/wp-json\/wp\/v2\/tags?post=15579"}],"curies":[{"name":"wp","href":"https:\/\/api.w.org\/{rel}","templated":true}]}}