{"id":1576,"date":"2021-06-09T14:47:17","date_gmt":"2021-06-09T14:47:17","guid":{"rendered":"https:\/\/www.entrerios.gov.ar\/cultura\/?p=1576"},"modified":"2021-06-09T14:49:12","modified_gmt":"2021-06-09T14:49:12","slug":"este-jueves-continua-el-ciclo-doble-horizonte-desde-la-casa-de-la-cultura","status":"publish","type":"post","link":"https:\/\/www.entrerios.gov.ar\/cultura\/este-jueves-continua-el-ciclo-doble-horizonte-desde-la-casa-de-la-cultura\/","title":{"rendered":"Este jueves contin\u00faa el ciclo Doble Horizonte desde la Casa de la Cultura"},"content":{"rendered":"\n<p><strong>Para dar continuidad a la propuesta que combina m\u00fasica y visuales, este jueves se presentar\u00e1n Diego Perich\u00f3n (Concordia) y la artista visual Marianela M\u00fcller (Chajar\u00ed). La actividad se transmitir\u00e1 desde la Casa de la Cultura de Entre R\u00edos, organismo dependiente de la Secretar\u00eda de Cultura.<\/strong><\/p>\n\n\n\n<p>El encuentro se podr\u00e1 seguir v\u00eda streaming por las redes sociales de Casa de la Cultura, este jueves 10 a las 21hs.<\/p>\n\n\n\n<p>Doble Horizonte es una propuesta de Casa de la Cultura de Entre R\u00edos, organismo dependiente de la Secretar\u00eda de Cultura de Entre R\u00edos, que se realiza en conjunto con el Punto Digital Paran\u00e1.<\/p>\n\n\n\n<p>Sobre quienes participan<\/p>\n\n\n\n<p>Diego Perich\u00f3n es m\u00fasico y cantautor de la ciudad de Concordia. Fundador de la banda \u201cAvisale a Coso\u201d. Fundador, arreglador y director de la murga estilo uruguayo\u201d Corta la Bocha\u201d \u201cRonca la Chancha y \u201cLa Carlito. Integrante de \u201cLos Tinguiritas\u201d, grupo que realiza espect\u00e1culos y talleres para ni\u00f1os y adultos.<\/p>\n\n\n\n<p>Su espect\u00e1culo como solista, de canciones propias y algunas prestadas, var\u00eda en estilos y ritmos musicales. Con una fuerte presencia en letras, su repertorio, invita a una profunda escucha, y as\u00ed sumergir al espectador en los paisajes, historias y personajes que cuentan las canciones.<\/p>\n\n\n\n<p>Marianela M\u00fcller es arquitecta e ilustradora. Naci\u00f3 en Chajar\u00ed, Entre R\u00edos y se gradu\u00f3 en la FADU de la Universidad Nacional del Litoral en la Ciudad de Santa Fe. En 2012 obtuvo la beca para formarse en la Universidad Federal de Paran\u00e1, en la ciudad de Curitiba, Brasil, profundizando su investigaci\u00f3n en el trabajo sensible de los espacios y los procesos culturales urbanos. Residi\u00f3 varios a\u00f1os en Buenos Aires donde complement\u00f3 su desempe\u00f1o art\u00edstico con la formaci\u00f3n en la carrera de Bellas Artes en la Escuela Superior Manuel Belgrano y en escenograf\u00eda en el Centro Cultural San Mart\u00edn.<\/p>\n\n\n\n<p>Desde entonces, realiz\u00f3 diferentes trabajos de ilustraci\u00f3n para proyectos como la marca internacional Mapoteca, fue ilustradora editorial en la publicaci\u00f3n del libro \u201cSemillas, antolog\u00eda po\u00e9tica ilustrada\u201d.<\/p>\n\n\n\n<p>En 2020 y en contexto de aislamiento, form\u00f3 parte del grupo art\u00edstico comunicacional &#8220;Mir\u00e1! Comunidad&#8221; desarrollando una intervenci\u00f3n urbana con proyecciones sobre las medianeras de edificios en diferentes ciudades del mundo (Buenos Aires, Par\u00eds, Barcelona, Madrid, Berl\u00edn, C\u00f3rdoba, Posadas, etc), en el marco de un proyecto para creativos realizado por la ONU.<\/p>\n\n\n\n<p>Es una de las co-creadoras de &#8220;Pase sin golpear&#8221;, un proyecto teatral de intervenci\u00f3n perform\u00e1tica de espacios no teatrales, donde realiza tareas de direcci\u00f3n de arte, comunicaci\u00f3n y producci\u00f3n. Actualmente, trabaja combinando diferentes lenguajes art\u00edsticos en los la ilustraci\u00f3n editorial es uno de los ejes principales, junto a la intervenci\u00f3n pl\u00e1stica de los espacios.<\/p>\n\n\n\n<p>Por streaming<\/p>\n\n\n\n<p>YouTube ingresando a:&nbsp;<a href=\"https:\/\/www.youtube.com\/channel\/UC-JICurci8B92MkoTyAdyWQ\" target=\"_blank\" rel=\"noreferrer noopener\">https:\/\/www.youtube.com\/channel\/UC-JICurci8B92MkoTyAdyWQ<\/a><\/p>\n\n\n\n<p>O al canal de Facebook de Casa de la Cultura:<\/p>\n\n\n\n<figure class=\"wp-block-embed\"><div class=\"wp-block-embed__wrapper\">\nhttps:\/\/www.facebook.com\/casacultura.entrerios\/\n<\/div><\/figure>\n\n\n\n<p>Mail:&nbsp;<a href=\"mailto:casaculturaentrerios@gmail.com\">casaculturaentrerios@gmail.com<\/a><\/p>\n\n\n\n<p>El rodaje fue realizado en el Centro Cultural Desde el Pie<\/p>\n\n\n\n<p>C\u00e1maras: Florencia Curi &#8211; florenciacuri.com.ar<\/p>\n\n\n\n<p>Producci\u00f3n: Fundaci\u00f3n DESDE EL PIE<\/p>\n\n\n\n<p>Operaci\u00f3n t\u00e9cnica: Marcos Retamozo<\/p>\n\n\n\n<p>Asistente: Florencia Fangi Boggia<\/p>\n\n\n\n<p>Centro cultural DESDE EL PIE, Chajar\u00ed, Entre R\u00edos &#8211;<\/p>\n","protected":false},"excerpt":{"rendered":"<p>Para dar continuidad a la propuesta que combina m\u00fasica y visuales, este jueves se presentar\u00e1n Diego Perich\u00f3n (Concordia) y la artista visual Marianela M\u00fcller (Chajar\u00ed). La actividad se transmitir\u00e1 desde la Casa de la Cultura de Entre R\u00edos, organismo dependiente de la Secretar\u00eda de Cultura. El encuentro se podr\u00e1 seguir v\u00eda streaming por las redes [&hellip;]<\/p>\n","protected":false},"author":2,"featured_media":1577,"comment_status":"open","ping_status":"open","sticky":false,"template":"","format":"standard","meta":{"_et_pb_use_builder":"off","_et_pb_old_content":"","_et_gb_content_width":"","footnotes":""},"categories":[28,19],"tags":[],"class_list":["post-1576","post","type-post","status-publish","format-standard","has-post-thumbnail","hentry","category-noticias","category-casa-de-la-cultura-de-er"],"_links":{"self":[{"href":"https:\/\/www.entrerios.gov.ar\/cultura\/wp-json\/wp\/v2\/posts\/1576","targetHints":{"allow":["GET"]}}],"collection":[{"href":"https:\/\/www.entrerios.gov.ar\/cultura\/wp-json\/wp\/v2\/posts"}],"about":[{"href":"https:\/\/www.entrerios.gov.ar\/cultura\/wp-json\/wp\/v2\/types\/post"}],"author":[{"embeddable":true,"href":"https:\/\/www.entrerios.gov.ar\/cultura\/wp-json\/wp\/v2\/users\/2"}],"replies":[{"embeddable":true,"href":"https:\/\/www.entrerios.gov.ar\/cultura\/wp-json\/wp\/v2\/comments?post=1576"}],"version-history":[{"count":1,"href":"https:\/\/www.entrerios.gov.ar\/cultura\/wp-json\/wp\/v2\/posts\/1576\/revisions"}],"predecessor-version":[{"id":1578,"href":"https:\/\/www.entrerios.gov.ar\/cultura\/wp-json\/wp\/v2\/posts\/1576\/revisions\/1578"}],"wp:featuredmedia":[{"embeddable":true,"href":"https:\/\/www.entrerios.gov.ar\/cultura\/wp-json\/wp\/v2\/media\/1577"}],"wp:attachment":[{"href":"https:\/\/www.entrerios.gov.ar\/cultura\/wp-json\/wp\/v2\/media?parent=1576"}],"wp:term":[{"taxonomy":"category","embeddable":true,"href":"https:\/\/www.entrerios.gov.ar\/cultura\/wp-json\/wp\/v2\/categories?post=1576"},{"taxonomy":"post_tag","embeddable":true,"href":"https:\/\/www.entrerios.gov.ar\/cultura\/wp-json\/wp\/v2\/tags?post=1576"}],"curies":[{"name":"wp","href":"https:\/\/api.w.org\/{rel}","templated":true}]}}