{"id":15858,"date":"2025-12-01T22:30:04","date_gmt":"2025-12-01T22:30:04","guid":{"rendered":"https:\/\/www.entrerios.gov.ar\/cultura\/?p=15858"},"modified":"2025-12-01T22:30:06","modified_gmt":"2025-12-01T22:30:06","slug":"el-ciclo-la-noche-de-las-ciudades-tuvo-un-cierre-de-ano-federal-con-exito-de-convocatoria","status":"publish","type":"post","link":"https:\/\/www.entrerios.gov.ar\/cultura\/el-ciclo-la-noche-de-las-ciudades-tuvo-un-cierre-de-ano-federal-con-exito-de-convocatoria\/","title":{"rendered":"El ciclo La Noche de las Ciudades tuvo un cierre de a\u00f1o federal con \u00e9xito de convocatoria"},"content":{"rendered":"\n<p>La iniciativa de la Secretar\u00eda de Cultura de Entre R\u00edos finaliz\u00f3 su agenda anual con una nueva jornada en la Casa de la Cultura. Participaron, con propuestas art\u00edsticas y productivas, San Salvador, Santa Elena y Piedras Blancas.<\/p>\n\n\n\n<p>Fueron parte de la noche, artistas de los tres municipios que brindaron recitales de diversos g\u00e9neros, mostrando el talento musical de la provincia junto a stands con emprendedores de productos regionales, muestra de pinturas y fotograf\u00edas, trajes de carnaval, libros de autores y artesan\u00edas.&nbsp;<\/p>\n\n\n\n<p>Sobre el escenario estuvieron: D\u00fao Jesy (San Salvador), Naomi Omarini (Piedras Blancas) y Grupo La Marejada (Santa Elena), Valentina L\u00f3pez y El Grito Sagrado (grupo de baile). Adem\u00e1s se presentaron el Museo del Viajero, Museo del Arroz y la promoci\u00f3n del Festival Gastron\u00f3mico y Cultural SanSabores.<\/p>\n\n\n\n<p><\/p>\n\n\n\n<figure class=\"wp-block-image size-large\"><img loading=\"lazy\" decoding=\"async\" width=\"1024\" height=\"683\" src=\"https:\/\/www.entrerios.gov.ar\/cultura\/wp-content\/uploads\/2025\/12\/image-2-1024x683.jpeg\" alt=\"\" class=\"wp-image-15860\" srcset=\"https:\/\/www.entrerios.gov.ar\/cultura\/wp-content\/uploads\/2025\/12\/image-2-980x653.jpeg 980w, https:\/\/www.entrerios.gov.ar\/cultura\/wp-content\/uploads\/2025\/12\/image-2-480x320.jpeg 480w\" sizes=\"auto, (min-width: 0px) and (max-width: 480px) 480px, (min-width: 481px) and (max-width: 980px) 980px, (min-width: 981px) 1024px, 100vw\" \/><\/figure>\n\n\n\n<p><\/p>\n\n\n\n<p><strong>Sobre La Noche de las Ciudades<\/strong><\/p>\n\n\n\n<p>El objetivo es vincular a gestores, instituciones y organizaciones de la sociedad. Al mismo tiempo se pretende incentivar la presencia de actividades, acciones y hacedores culturales de toda la provincia, garantizando una oferta atractiva para ser apreciada por el p\u00fablico en general.<\/p>\n\n\n\n<p>Ya han participado, en distintas noches: Villa Elisa, Ram\u00edrez, Islas del Ibicuy, Ubajay, Villa del Rosario, Mansilla, San Benito, Maci\u00e1, Urdinarrain, Diamante, Chajar\u00ed, Rosario del Tala, Pueblo General Belgrano, Mar\u00eda Grande y Pueblo Brugo, entre otros.<\/p>\n\n\n\n<p>La Noche de las Ciudades es parte de CUAC! (Cultura Activa), un programa anual de actividades que la Secretar\u00eda de Cultura de Entre R\u00edos, dependiente del Ministerio de Gobierno y Trabajo, desarrolla en toda la provincia.<\/p>\n","protected":false},"excerpt":{"rendered":"<p>La iniciativa de la Secretar\u00eda de Cultura de Entre R\u00edos finaliz\u00f3 su agenda anual con una nueva jornada en la Casa de la Cultura. Participaron, con propuestas art\u00edsticas y productivas, San Salvador, Santa Elena y Piedras Blancas. Fueron parte de la noche, artistas de los tres municipios que brindaron recitales de diversos g\u00e9neros, mostrando el [&hellip;]<\/p>\n","protected":false},"author":49,"featured_media":15861,"comment_status":"open","ping_status":"open","sticky":false,"template":"","format":"standard","meta":{"_et_pb_use_builder":"off","_et_pb_old_content":"","_et_gb_content_width":"","footnotes":""},"categories":[28,19,23],"tags":[],"class_list":["post-15858","post","type-post","status-publish","format-standard","has-post-thumbnail","hentry","category-noticias","category-casa-de-la-cultura-de-er","category-consejo-provincial-de-cultura"],"_links":{"self":[{"href":"https:\/\/www.entrerios.gov.ar\/cultura\/wp-json\/wp\/v2\/posts\/15858","targetHints":{"allow":["GET"]}}],"collection":[{"href":"https:\/\/www.entrerios.gov.ar\/cultura\/wp-json\/wp\/v2\/posts"}],"about":[{"href":"https:\/\/www.entrerios.gov.ar\/cultura\/wp-json\/wp\/v2\/types\/post"}],"author":[{"embeddable":true,"href":"https:\/\/www.entrerios.gov.ar\/cultura\/wp-json\/wp\/v2\/users\/49"}],"replies":[{"embeddable":true,"href":"https:\/\/www.entrerios.gov.ar\/cultura\/wp-json\/wp\/v2\/comments?post=15858"}],"version-history":[{"count":1,"href":"https:\/\/www.entrerios.gov.ar\/cultura\/wp-json\/wp\/v2\/posts\/15858\/revisions"}],"predecessor-version":[{"id":15862,"href":"https:\/\/www.entrerios.gov.ar\/cultura\/wp-json\/wp\/v2\/posts\/15858\/revisions\/15862"}],"wp:featuredmedia":[{"embeddable":true,"href":"https:\/\/www.entrerios.gov.ar\/cultura\/wp-json\/wp\/v2\/media\/15861"}],"wp:attachment":[{"href":"https:\/\/www.entrerios.gov.ar\/cultura\/wp-json\/wp\/v2\/media?parent=15858"}],"wp:term":[{"taxonomy":"category","embeddable":true,"href":"https:\/\/www.entrerios.gov.ar\/cultura\/wp-json\/wp\/v2\/categories?post=15858"},{"taxonomy":"post_tag","embeddable":true,"href":"https:\/\/www.entrerios.gov.ar\/cultura\/wp-json\/wp\/v2\/tags?post=15858"}],"curies":[{"name":"wp","href":"https:\/\/api.w.org\/{rel}","templated":true}]}}