{"id":15902,"date":"2025-12-06T16:02:42","date_gmt":"2025-12-06T16:02:42","guid":{"rendered":"https:\/\/www.entrerios.gov.ar\/cultura\/?p=15902"},"modified":"2025-12-06T16:07:07","modified_gmt":"2025-12-06T16:07:07","slug":"invitan-a-la-activacion-y-cierre-de-proyecto-cruce","status":"publish","type":"post","link":"https:\/\/www.entrerios.gov.ar\/cultura\/invitan-a-la-activacion-y-cierre-de-proyecto-cruce\/","title":{"rendered":"Invitan a la activaci\u00f3n y cierre de Proyecto Cruce"},"content":{"rendered":"\n<p>Ser\u00e1 el 10 de diciembre a las 20 en el Museo y Mercado de Artesan\u00edas (Urquiza 1239, Paran\u00e1). Mostrar\u00e1n sus obras artistas locales en di\u00e1logo entre el arte contempor\u00e1neo y las artesan\u00edas. Tambi\u00e9n habr\u00e1 gastronom\u00eda de inspiraci\u00f3n chan\u00e1 y cantina. Organiza la Secretar\u00eda de Cultura de Entre R\u00edos, a trav\u00e9s de la Direcci\u00f3n de Industrias Culturales y Creativas.<\/p>\n\n\n\n<p>La muestra re\u00fane obras de nueve artistas seleccionados bajo la curadur\u00eda de Florencia Sabattini, con acompa\u00f1amiento del espacio Casa Banano: Carlos Battauz, C\u00e9sar Bernardi, Carla Britos, Berenice Canet, Bel\u00e9n C\u00e9spedes, Milagros Waigadt, Paola Nerina Chiapella, Ernesto Tabares y Sol Yedro. Sus producciones dialogan con piezas del acervo del Museo y Mercado de Artesan\u00edas, generando una experiencia que une relatos, t\u00e9cnicas, materiales y sensibilidades diversas.<\/p>\n\n\n\n<p>Ser\u00e1 parte tambi\u00e9n una propuesta de gastronom\u00eda de La Q Cocina, que recupera saberes y sabores del pueblo Chan\u00e1, a partir de productos regionales, t\u00e9cnicas tradicionales y una mirada contempor\u00e1nea. La velada ser\u00e1 acompa\u00f1ada por la Cantina Archicofrad\u00eda, con bebidas y sabores locales.<\/p>\n\n\n\n<p><\/p>\n\n\n\n<figure class=\"wp-block-image size-large\"><img loading=\"lazy\" decoding=\"async\" width=\"1024\" height=\"683\" src=\"https:\/\/www.entrerios.gov.ar\/cultura\/wp-content\/uploads\/2025\/12\/Cruce-2-1024x683.jpg\" alt=\"\" class=\"wp-image-15904\" srcset=\"https:\/\/www.entrerios.gov.ar\/cultura\/wp-content\/uploads\/2025\/12\/Cruce-2-980x653.jpg 980w, https:\/\/www.entrerios.gov.ar\/cultura\/wp-content\/uploads\/2025\/12\/Cruce-2-480x320.jpg 480w\" sizes=\"auto, (min-width: 0px) and (max-width: 480px) 480px, (min-width: 481px) and (max-width: 980px) 980px, (min-width: 981px) 1024px, 100vw\" \/><\/figure>\n\n\n\n<p><\/p>\n\n\n\n<p>El cierre del Proyecto Cruce constituye una activaci\u00f3n multisensorial donde convergen arte, artesan\u00eda, arquitectura y gastronom\u00eda. Una invitaci\u00f3n a reconocer la fuerza creativa entrerriana, a fortalecer v\u00ednculos comunitarios y a celebrar la riqueza de las expresiones culturales de la regi\u00f3n. Se invita a la comunidad a participar.<\/p>\n\n\n\n<p>Contacto: <a href=\"mailto:industriasculturales@entrerios.gov.ar\">industriasculturales@entrerios.gov.ar<\/a>&nbsp;<\/p>\n","protected":false},"excerpt":{"rendered":"<p>Ser\u00e1 el 10 de diciembre a las 20 en el Museo y Mercado de Artesan\u00edas (Urquiza 1239, Paran\u00e1). Mostrar\u00e1n sus obras artistas locales en di\u00e1logo entre el arte contempor\u00e1neo y las artesan\u00edas. Tambi\u00e9n habr\u00e1 gastronom\u00eda de inspiraci\u00f3n chan\u00e1 y cantina. Organiza la Secretar\u00eda de Cultura de Entre R\u00edos, a trav\u00e9s de la Direcci\u00f3n de Industrias [&hellip;]<\/p>\n","protected":false},"author":49,"featured_media":15905,"comment_status":"open","ping_status":"open","sticky":false,"template":"","format":"standard","meta":{"_et_pb_use_builder":"off","_et_pb_old_content":"","_et_gb_content_width":"","footnotes":""},"categories":[28,78,16],"tags":[],"class_list":["post-15902","post","type-post","status-publish","format-standard","has-post-thumbnail","hentry","category-noticias","category-area-industrias-culturales","category-museo-y-mercado-de-artesanias"],"_links":{"self":[{"href":"https:\/\/www.entrerios.gov.ar\/cultura\/wp-json\/wp\/v2\/posts\/15902","targetHints":{"allow":["GET"]}}],"collection":[{"href":"https:\/\/www.entrerios.gov.ar\/cultura\/wp-json\/wp\/v2\/posts"}],"about":[{"href":"https:\/\/www.entrerios.gov.ar\/cultura\/wp-json\/wp\/v2\/types\/post"}],"author":[{"embeddable":true,"href":"https:\/\/www.entrerios.gov.ar\/cultura\/wp-json\/wp\/v2\/users\/49"}],"replies":[{"embeddable":true,"href":"https:\/\/www.entrerios.gov.ar\/cultura\/wp-json\/wp\/v2\/comments?post=15902"}],"version-history":[{"count":2,"href":"https:\/\/www.entrerios.gov.ar\/cultura\/wp-json\/wp\/v2\/posts\/15902\/revisions"}],"predecessor-version":[{"id":15907,"href":"https:\/\/www.entrerios.gov.ar\/cultura\/wp-json\/wp\/v2\/posts\/15902\/revisions\/15907"}],"wp:featuredmedia":[{"embeddable":true,"href":"https:\/\/www.entrerios.gov.ar\/cultura\/wp-json\/wp\/v2\/media\/15905"}],"wp:attachment":[{"href":"https:\/\/www.entrerios.gov.ar\/cultura\/wp-json\/wp\/v2\/media?parent=15902"}],"wp:term":[{"taxonomy":"category","embeddable":true,"href":"https:\/\/www.entrerios.gov.ar\/cultura\/wp-json\/wp\/v2\/categories?post=15902"},{"taxonomy":"post_tag","embeddable":true,"href":"https:\/\/www.entrerios.gov.ar\/cultura\/wp-json\/wp\/v2\/tags?post=15902"}],"curies":[{"name":"wp","href":"https:\/\/api.w.org\/{rel}","templated":true}]}}