{"id":15928,"date":"2025-12-12T13:35:46","date_gmt":"2025-12-12T13:35:46","guid":{"rendered":"https:\/\/www.entrerios.gov.ar\/cultura\/?p=15928"},"modified":"2025-12-12T15:14:27","modified_gmt":"2025-12-12T15:14:27","slug":"federal-presentara-su-festival-nacional-del-chamame-en-parana","status":"publish","type":"post","link":"https:\/\/www.entrerios.gov.ar\/cultura\/federal-presentara-su-festival-nacional-del-chamame-en-parana\/","title":{"rendered":"Federal presentar\u00e1 su Festival Nacional del Chamam\u00e9 en Paran\u00e1"},"content":{"rendered":"\n<p>Ser\u00e1 este martes 16 de diciembre desde las 11.30 en La Vieja Usina (calle Matorras 861 de la capital entrerriana). Habr\u00e1 danza y m\u00fasica en vivo con Litoral Mit\u00e1, Juan Manuel Bilat, Marcos Pereyra y Embajada del Festival. La entrada es libre y gratuita, abierta a medios y al p\u00fablico interesado. Acompa\u00f1a la Secretar\u00eda de Cultura de Entre R\u00edos. &nbsp;&nbsp;&nbsp;<\/p>\n\n\n\n<p>Durante la presentaci\u00f3n, adem\u00e1s de los n\u00fameros art\u00edsticos, se dar\u00e1n detalles sobre la grilla del Festival, que se realizar\u00e1 en la ciudad del norte entrerriano del 31 de enero al 8 de febrero. Participar\u00e1n en La Vieja Usina, autoridades provinciales y del Municipio de Federal, adem\u00e1s de representantes de la comisi\u00f3n organizadora. La conducci\u00f3n ser\u00e1 de Soledad Casta\u00f1ares. Invitado especial, la voz del Festival: Santiago Miguell Rinaldi. <\/p>\n\n\n\n<p><strong>Sobre el Festival<\/strong><\/p>\n\n\n\n<p>Bajo el lema \u201c50 a\u00f1os de historia\u201d, en esta edici\u00f3n se recordar\u00e1n los inicios del evento que en febrero de 1976 marc\u00f3 un hito para las fiestas populares dedicadas exclusivamente a este g\u00e9nero musical que hoy es Patrimonio Cultural de la Humanidad.<\/p>\n\n\n\n<p>El cronograma confirmado se divide de la siguiente manera:<\/p>\n\n\n\n<p>Bailantas Nocturnas: La fiesta comienza el 31 de enero y 1 de febrero en el predio de Cancha Uni\u00f3n, donde empezar\u00e1n a vivirse las bailantas chamameceras m\u00e1s grandes del pa\u00eds.<\/p>\n\n\n\n<p>Pe\u00f1as Oficiales: La actividad se traslada luego al Anfiteatro Francisco Ram\u00edrez los d\u00edas 2, 3 y 4 de febrero, activando el escenario Alberto &#8220;Zurdo&#8221; Trzuskot.<\/p>\n\n\n\n<p>Noches Centrales (Festival Mayor): El plato fuerte se servir\u00e1 los d\u00edas 5, 6, 7 y 8 de febrero en el m\u00edtico escenario mayor Ernesto Montiel del Anfiteatro Francisco Ram\u00edrez, donde las m\u00e1ximas figuras del g\u00e9nero celebrar\u00e1n el medio siglo de historia del festival. En ese marco, el jueves 5 se realizar\u00e1 la final del Certamen Nuevos Valores, que congregar\u00e1 a nuevos exponentes chamameceros que llegar\u00e1n desde las distintas subsedes del Pre Federal.<\/p>\n\n\n\n<p>Bailantas diurnas: En simult\u00e1neo con el Festival, los d\u00edas 6, 7 y 8 de febrero en el predio de Cancha Uni\u00f3n, tendr\u00e1n lugar las habituales bailantas de 14 a 20 hs.<\/p>\n\n\n\n<p>Organiza la Comisi\u00f3n Central del Festival Nacional del Chamam\u00e9, a cargo de la Presidenta Municipal, Prof. Alicia Oviedo.<\/p>\n","protected":false},"excerpt":{"rendered":"<p>Ser\u00e1 este martes 16 de diciembre desde las 11.30 en La Vieja Usina (calle Matorras 861 de la capital entrerriana). Habr\u00e1 danza y m\u00fasica en vivo con Litoral Mit\u00e1, Juan Manuel Bilat, Marcos Pereyra y Embajada del Festival. La entrada es libre y gratuita, abierta a medios y al p\u00fablico interesado. Acompa\u00f1a la Secretar\u00eda de [&hellip;]<\/p>\n","protected":false},"author":51,"featured_media":15929,"comment_status":"open","ping_status":"open","sticky":false,"template":"","format":"standard","meta":{"_et_pb_use_builder":"off","_et_pb_old_content":"","_et_gb_content_width":"","footnotes":""},"categories":[28,18],"tags":[],"class_list":["post-15928","post","type-post","status-publish","format-standard","has-post-thumbnail","hentry","category-noticias","category-centro-cultural-la-vieja-usina"],"_links":{"self":[{"href":"https:\/\/www.entrerios.gov.ar\/cultura\/wp-json\/wp\/v2\/posts\/15928","targetHints":{"allow":["GET"]}}],"collection":[{"href":"https:\/\/www.entrerios.gov.ar\/cultura\/wp-json\/wp\/v2\/posts"}],"about":[{"href":"https:\/\/www.entrerios.gov.ar\/cultura\/wp-json\/wp\/v2\/types\/post"}],"author":[{"embeddable":true,"href":"https:\/\/www.entrerios.gov.ar\/cultura\/wp-json\/wp\/v2\/users\/51"}],"replies":[{"embeddable":true,"href":"https:\/\/www.entrerios.gov.ar\/cultura\/wp-json\/wp\/v2\/comments?post=15928"}],"version-history":[{"count":4,"href":"https:\/\/www.entrerios.gov.ar\/cultura\/wp-json\/wp\/v2\/posts\/15928\/revisions"}],"predecessor-version":[{"id":15934,"href":"https:\/\/www.entrerios.gov.ar\/cultura\/wp-json\/wp\/v2\/posts\/15928\/revisions\/15934"}],"wp:featuredmedia":[{"embeddable":true,"href":"https:\/\/www.entrerios.gov.ar\/cultura\/wp-json\/wp\/v2\/media\/15929"}],"wp:attachment":[{"href":"https:\/\/www.entrerios.gov.ar\/cultura\/wp-json\/wp\/v2\/media?parent=15928"}],"wp:term":[{"taxonomy":"category","embeddable":true,"href":"https:\/\/www.entrerios.gov.ar\/cultura\/wp-json\/wp\/v2\/categories?post=15928"},{"taxonomy":"post_tag","embeddable":true,"href":"https:\/\/www.entrerios.gov.ar\/cultura\/wp-json\/wp\/v2\/tags?post=15928"}],"curies":[{"name":"wp","href":"https:\/\/api.w.org\/{rel}","templated":true}]}}