{"id":16066,"date":"2026-01-21T13:35:20","date_gmt":"2026-01-21T13:35:20","guid":{"rendered":"https:\/\/www.entrerios.gov.ar\/cultura\/?p=16066"},"modified":"2026-01-21T13:35:22","modified_gmt":"2026-01-21T13:35:22","slug":"feliciano-victoria-y-parana-mostraron-su-carnaval-en-la-vieja-usina","status":"publish","type":"post","link":"https:\/\/www.entrerios.gov.ar\/cultura\/feliciano-victoria-y-parana-mostraron-su-carnaval-en-la-vieja-usina\/","title":{"rendered":"Feliciano, Victoria y Paran\u00e1 mostraron su carnaval en La Vieja Usina"},"content":{"rendered":"\n<p>Fue en el marco del ciclo La Noche de las Ciudades, organizado por la Secretar\u00eda de Cultura de Entre R\u00edos dentro de la agenda Cuac! Cultura Activa Verano. Hubo gran respuesta del p\u00fablico y sorteos. Contin\u00faa los pr\u00f3ximos tres martes a las 20, con entrada libre y gratuita.<\/p>\n\n\n\n<p>El brillo y el colorido del carnaval entrerriano tuvo su primer encuentro con el p\u00fablico paranaense en el marco de esta propuesta. Estuvo presente el ministro de Gobierno y Trabajo de Entre R\u00edos, Manuel Troncoso, quien expres\u00f3: \u201cEste ciclo muestra c\u00f3mo sentimos la cultura los entrerrianos, c\u00f3mo nos gusta expresar lo que somos y adem\u00e1s, el trabajo que hay detr\u00e1s de cada comparsa que es parte de esta fiesta popular\u201d.<\/p>\n\n\n\n<p>Por su parte, el secretario de Cultura de Entre R\u00edos, Juli\u00e1n Stoppello indic\u00f3: \u201cEsta convocatoria fue muy bien recibida por muchas localidades entrerrianas. Es abrir los centros culturales de la Secretar\u00eda a todas las ciudades, como lo venimos haciendo en nuestros ciclos y encuentros\u201d.<\/p>\n\n\n\n<p><\/p>\n\n\n\n<figure class=\"wp-block-image size-large\"><img loading=\"lazy\" decoding=\"async\" width=\"1024\" height=\"683\" src=\"https:\/\/www.entrerios.gov.ar\/cultura\/wp-content\/uploads\/2026\/01\/image-8-1024x683.jpeg\" alt=\"\" class=\"wp-image-16067\" srcset=\"https:\/\/www.entrerios.gov.ar\/cultura\/wp-content\/uploads\/2026\/01\/image-8-980x653.jpeg 980w, https:\/\/www.entrerios.gov.ar\/cultura\/wp-content\/uploads\/2026\/01\/image-8-480x320.jpeg 480w\" sizes=\"auto, (min-width: 0px) and (max-width: 480px) 480px, (min-width: 481px) and (max-width: 980px) 980px, (min-width: 981px) 1024px, 100vw\" \/><\/figure>\n\n\n\n<p><\/p>\n\n\n\n<p>En la velada tambi\u00e9n estuvo presente la senadora provincial por Feliciano, Gladys Dom\u00ednguez, quien destac\u00f3: \u201cVinimos a acompa\u00f1ar esta fiesta federal con representaci\u00f3n de nuestro departamento. Es una muy buena propuesta\u201d.<\/p>\n\n\n\n<p>Por su parte el p\u00fablico y las comparsas valoraron la iniciativa. Cristina, de Feliciano, destac\u00f3 poder \u201ccompartir el trabajo, la pasi\u00f3n y el sentimiento del carnaval\u201d. Mario, de Victoria, dijo que el carnaval es \u201cuna de las fiestas m\u00e1s populares de la provincia que trae alegr\u00eda a la comunidad\u201d.<\/p>\n\n\n\n<p>Por Victoria, desfilaron Obrigado Bater\u00eda, Batuque, Jarana Ban, Reyes del Samba y La F\u00e1brica de Pasistas. Por Paran\u00e1, la bater\u00eda NN y por Feliciano las comparsas Irup\u00e9, Ivot\u00ed Por\u00e1&nbsp; y Marab\u00fa.&nbsp;<\/p>\n\n\n\n<p><\/p>\n\n\n\n<figure class=\"wp-block-image size-large\"><img loading=\"lazy\" decoding=\"async\" width=\"1024\" height=\"683\" src=\"https:\/\/www.entrerios.gov.ar\/cultura\/wp-content\/uploads\/2026\/01\/image-10-1024x683.jpeg\" alt=\"\" class=\"wp-image-16069\" srcset=\"https:\/\/www.entrerios.gov.ar\/cultura\/wp-content\/uploads\/2026\/01\/image-10-980x653.jpeg 980w, https:\/\/www.entrerios.gov.ar\/cultura\/wp-content\/uploads\/2026\/01\/image-10-480x320.jpeg 480w\" sizes=\"auto, (min-width: 0px) and (max-width: 480px) 480px, (min-width: 481px) and (max-width: 980px) 980px, (min-width: 981px) 1024px, 100vw\" \/><\/figure>\n\n\n\n<p><\/p>\n\n\n\n<p>Respecto a los sorteos, que continuar\u00e1n en las pr\u00f3ximas noches, quienes asistan ser\u00e1n invitados en el ingreso a completar sus datos para participar. Este martes hubo premios en pasajes a Gualeguaych\u00fa otorgados por la empresa de turismo Jomil, m\u00e1s entradas gratuitas a las termas y al carnaval de esa ciudad. Tambi\u00e9n se regalaron entradas para el carnaval de Victoria.&nbsp;<\/p>\n\n\n\n<p><\/p>\n\n\n\n<figure class=\"wp-block-image size-large\"><img loading=\"lazy\" decoding=\"async\" width=\"1024\" height=\"683\" src=\"https:\/\/www.entrerios.gov.ar\/cultura\/wp-content\/uploads\/2026\/01\/image-9-1024x683.jpeg\" alt=\"\" class=\"wp-image-16068\" srcset=\"https:\/\/www.entrerios.gov.ar\/cultura\/wp-content\/uploads\/2026\/01\/image-9-980x653.jpeg 980w, https:\/\/www.entrerios.gov.ar\/cultura\/wp-content\/uploads\/2026\/01\/image-9-480x320.jpeg 480w\" sizes=\"auto, (min-width: 0px) and (max-width: 480px) 480px, (min-width: 481px) and (max-width: 980px) 980px, (min-width: 981px) 1024px, 100vw\" \/><\/figure>\n\n\n\n<p><\/p>\n\n\n\n<p>La actividad es parte de CUAC! Cultura Activa Verano, una agenda que la Secretar\u00eda de Cultura de Entre R\u00edos desarrolla durante esta temporada en distintos puntos de la provincia.<\/p>\n","protected":false},"excerpt":{"rendered":"<p>Fue en el marco del ciclo La Noche de las Ciudades, organizado por la Secretar\u00eda de Cultura de Entre R\u00edos dentro de la agenda Cuac! Cultura Activa Verano. Hubo gran respuesta del p\u00fablico y sorteos. Contin\u00faa los pr\u00f3ximos tres martes a las 20, con entrada libre y gratuita. El brillo y el colorido del carnaval [&hellip;]<\/p>\n","protected":false},"author":49,"featured_media":16071,"comment_status":"open","ping_status":"open","sticky":false,"template":"","format":"standard","meta":{"_et_pb_use_builder":"off","_et_pb_old_content":"","_et_gb_content_width":"","footnotes":""},"categories":[28,18],"tags":[],"class_list":["post-16066","post","type-post","status-publish","format-standard","has-post-thumbnail","hentry","category-noticias","category-centro-cultural-la-vieja-usina"],"_links":{"self":[{"href":"https:\/\/www.entrerios.gov.ar\/cultura\/wp-json\/wp\/v2\/posts\/16066","targetHints":{"allow":["GET"]}}],"collection":[{"href":"https:\/\/www.entrerios.gov.ar\/cultura\/wp-json\/wp\/v2\/posts"}],"about":[{"href":"https:\/\/www.entrerios.gov.ar\/cultura\/wp-json\/wp\/v2\/types\/post"}],"author":[{"embeddable":true,"href":"https:\/\/www.entrerios.gov.ar\/cultura\/wp-json\/wp\/v2\/users\/49"}],"replies":[{"embeddable":true,"href":"https:\/\/www.entrerios.gov.ar\/cultura\/wp-json\/wp\/v2\/comments?post=16066"}],"version-history":[{"count":1,"href":"https:\/\/www.entrerios.gov.ar\/cultura\/wp-json\/wp\/v2\/posts\/16066\/revisions"}],"predecessor-version":[{"id":16072,"href":"https:\/\/www.entrerios.gov.ar\/cultura\/wp-json\/wp\/v2\/posts\/16066\/revisions\/16072"}],"wp:featuredmedia":[{"embeddable":true,"href":"https:\/\/www.entrerios.gov.ar\/cultura\/wp-json\/wp\/v2\/media\/16071"}],"wp:attachment":[{"href":"https:\/\/www.entrerios.gov.ar\/cultura\/wp-json\/wp\/v2\/media?parent=16066"}],"wp:term":[{"taxonomy":"category","embeddable":true,"href":"https:\/\/www.entrerios.gov.ar\/cultura\/wp-json\/wp\/v2\/categories?post=16066"},{"taxonomy":"post_tag","embeddable":true,"href":"https:\/\/www.entrerios.gov.ar\/cultura\/wp-json\/wp\/v2\/tags?post=16066"}],"curies":[{"name":"wp","href":"https:\/\/api.w.org\/{rel}","templated":true}]}}