{"id":16089,"date":"2026-01-22T15:23:25","date_gmt":"2026-01-22T15:23:25","guid":{"rendered":"https:\/\/www.entrerios.gov.ar\/cultura\/?p=16089"},"modified":"2026-01-22T16:01:11","modified_gmt":"2026-01-22T16:01:11","slug":"el-museo-provincial-de-bellas-artes-propone-actividades-de-verano-para-todo-publico","status":"publish","type":"post","link":"https:\/\/www.entrerios.gov.ar\/cultura\/el-museo-provincial-de-bellas-artes-propone-actividades-de-verano-para-todo-publico\/","title":{"rendered":"El Museo Provincial de Bellas Artes propone actividades de verano para todo p\u00fablico"},"content":{"rendered":"\n<p>Durante enero y febrero, el organismo de la Secretar\u00eda de Cultura de Entre R\u00edos llevar\u00e1 adelante Curiosa Activaci\u00f3n, una propuesta pensada para familias, j\u00f3venes, adultos y grupos de visitantes de todas las edades. Ser\u00e1 todos los viernes, a las 10hs y a las 18hs, con entrada libre y gratuita y sin necesidad de contar con experiencia previa.<\/p>\n\n\n\n<p>Curiosa Activaci\u00f3n es una propuesta que integra distintas exhibiciones y actividades para disfrutar el verano en el Bellas Artes de Entre R\u00edos. Como parte de su programaci\u00f3n de vacaciones, el Museo ofrece un recorrido por la exhibici\u00f3n del Sal\u00f3n Provincial de Artes Visuales que re\u00fane m\u00e1s de 70 obras de distintas disciplinas y lenguajes art\u00edsticos, realizadas por artistas de diversos puntos del territorio.<\/p>\n\n\n\n<p>Junto al recorrido se desarrollar\u00e1 Juguemos con la cr\u00edtica, actividad participativa que surge de la exposici\u00f3n del Sal\u00f3n Provincial y propone a los visitantes construir miradas propias, compartir ideas y generar expresiones a partir de las obras expuestas.<\/p>\n\n\n\n<p>La propuesta se completa con Estampas para el visitante, una experiencia destinada a todo p\u00fablico que invita a descubrir el mundo del grabado a trav\u00e9s de las obras de Juana Gitlin, utilizando sellos especialmente creados a partir de las matrices originales de sus trabajos.<\/p>\n\n\n\n<p>Con Curiosa Activaci\u00f3n, el Museo Provincial de Bellas Artes abre sus puertas durante el verano para ofrecer un espacio de encuentro, juego y reflexi\u00f3n, promoviendo una experiencia art\u00edstica accesible, participativa y pensada para todos los p\u00fablicos.<\/p>\n\n\n\n<p><strong>Por otro lado, se informa que los horarios de verano del Museo son los siguientes:<\/strong><\/p>\n\n\n\n<p>Martes a Viernes de 8 a 13 y de 15 a 20h<\/p>\n\n\n\n<p>S\u00e1bados de 9 a 12 y de 17 a 20h<\/p>\n\n\n\n<p>Domingos y feriados de 9 a 12h &#8211; Lunes cerrado<\/p>\n\n\n\n<p><strong>Contactos:<\/strong><\/p>\n\n\n\n<p>Buenos Aires 355. Paran\u00e1. Entre R\u00edos.<\/p>\n\n\n\n<p>343 4207868\/918<\/p>\n\n\n\n<p><a href=\"mailto:gestionbellasartes@gmail.com\" target=\"_blank\" rel=\"noreferrer noopener\">gestionbellasartes@gmail.com<\/a>\u00a0<br><\/p>\n","protected":false},"excerpt":{"rendered":"<p>Durante enero y febrero, el organismo de la Secretar\u00eda de Cultura de Entre R\u00edos llevar\u00e1 adelante Curiosa Activaci\u00f3n, una propuesta pensada para familias, j\u00f3venes, adultos y grupos de visitantes de todas las edades. Ser\u00e1 todos los viernes, a las 10hs y a las 18hs, con entrada libre y gratuita y sin necesidad de contar con [&hellip;]<\/p>\n","protected":false},"author":49,"featured_media":16091,"comment_status":"open","ping_status":"open","sticky":false,"template":"","format":"standard","meta":{"_et_pb_use_builder":"off","_et_pb_old_content":"","_et_gb_content_width":"","footnotes":""},"categories":[28,9],"tags":[],"class_list":["post-16089","post","type-post","status-publish","format-standard","has-post-thumbnail","hentry","category-noticias","category-museo-bellas-artes"],"_links":{"self":[{"href":"https:\/\/www.entrerios.gov.ar\/cultura\/wp-json\/wp\/v2\/posts\/16089","targetHints":{"allow":["GET"]}}],"collection":[{"href":"https:\/\/www.entrerios.gov.ar\/cultura\/wp-json\/wp\/v2\/posts"}],"about":[{"href":"https:\/\/www.entrerios.gov.ar\/cultura\/wp-json\/wp\/v2\/types\/post"}],"author":[{"embeddable":true,"href":"https:\/\/www.entrerios.gov.ar\/cultura\/wp-json\/wp\/v2\/users\/49"}],"replies":[{"embeddable":true,"href":"https:\/\/www.entrerios.gov.ar\/cultura\/wp-json\/wp\/v2\/comments?post=16089"}],"version-history":[{"count":6,"href":"https:\/\/www.entrerios.gov.ar\/cultura\/wp-json\/wp\/v2\/posts\/16089\/revisions"}],"predecessor-version":[{"id":16099,"href":"https:\/\/www.entrerios.gov.ar\/cultura\/wp-json\/wp\/v2\/posts\/16089\/revisions\/16099"}],"wp:featuredmedia":[{"embeddable":true,"href":"https:\/\/www.entrerios.gov.ar\/cultura\/wp-json\/wp\/v2\/media\/16091"}],"wp:attachment":[{"href":"https:\/\/www.entrerios.gov.ar\/cultura\/wp-json\/wp\/v2\/media?parent=16089"}],"wp:term":[{"taxonomy":"category","embeddable":true,"href":"https:\/\/www.entrerios.gov.ar\/cultura\/wp-json\/wp\/v2\/categories?post=16089"},{"taxonomy":"post_tag","embeddable":true,"href":"https:\/\/www.entrerios.gov.ar\/cultura\/wp-json\/wp\/v2\/tags?post=16089"}],"curies":[{"name":"wp","href":"https:\/\/api.w.org\/{rel}","templated":true}]}}