{"id":16100,"date":"2026-01-23T12:08:54","date_gmt":"2026-01-23T12:08:54","guid":{"rendered":"https:\/\/www.entrerios.gov.ar\/cultura\/?p=16100"},"modified":"2026-01-23T12:18:14","modified_gmt":"2026-01-23T12:18:14","slug":"este-viernes-hay-musica-entrerriana-en-vivo-con-el-pre-federal-en-la-vieja-usina","status":"publish","type":"post","link":"https:\/\/www.entrerios.gov.ar\/cultura\/este-viernes-hay-musica-entrerriana-en-vivo-con-el-pre-federal-en-la-vieja-usina\/","title":{"rendered":"Este viernes hay m\u00fasica entrerriana en vivo con el Pre Federal en La Vieja Usina"},"content":{"rendered":"\n<p>El Certamen Nuevos Valores del Festival Nacional del Chamam\u00e9 de Federal se realizar\u00e1 este viernes 23 de enero desde las 19hs en el centro cultural ubicado en Matorras 861, Paran\u00e1. La entrada es libre y gratuita. Acompa\u00f1a la Secretar\u00eda de Cultura de Entre R\u00edos, en el marco de su agenda Cuac! Cultura Activa Verano.<\/p>\n\n\n\n<p>Los ganadores de la Subsede Paran\u00e1 obtendr\u00e1n el pase directo para competir en la final junto a los seleccionados en las restantes subsedes. Esa etapa definitoria se realizar\u00e1 sobre el escenario Ernesto Montiel, en el marco del 51\u00b0 Festival Nacional del Chamam\u00e9, que se llevar\u00e1 a cabo en Federal del 31 de enero al 8 de febrero.<\/p>\n\n\n\n<p>Adem\u00e1s de los postulantes, se presentar\u00e1n como artistas invitados: Mar\u00eda Luz Erazun y Ramiro Matteoda, Renacer Tradicional, Fede Garita y Ramiro Ascagorta.<\/p>\n\n\n\n<p><strong>Sobre el Festival Nacional del Chamam\u00e9<\/strong><\/p>\n\n\n\n<p>Conocida como la Capital Nacional del Chamam\u00e9, Federal recibe en cada edici\u00f3n a miles de aficionados y figuras consagradas. Este a\u00f1o se realizar\u00e1 del 31 de enero al 8 de febrero. El cronograma es el siguiente:<\/p>\n\n\n\n<p>S\u00e1bado 31\/1: Bailantas Nocturnas<\/p>\n\n\n\n<p>\u2060Domingo 1\/2: Bailantas Nocturnas<\/p>\n\n\n\n<p>\u2060Lunes 2\/2: Pe\u00f1as Oficiales<\/p>\n\n\n\n<p>\u2060Martes 3\/2: Pe\u00f1as Oficiales<\/p>\n\n\n\n<p>\u2060Mi\u00e9rcoles 4\/2: Pe\u00f1as Oficiales<\/p>\n\n\n\n<p>Jueves 5\/2: Final del Pre Federal y primera noche del Festival Nacional del Chamam\u00e9<\/p>\n\n\n\n<p>\u2060Viernes 6\/2: Bailantas Diurnas y segunda Noche del Festival Nacional del Chamam\u00e9<\/p>\n\n\n\n<p>\u2060S\u00e1bado 7\/2: Bailantas Diurnas y tercera Noche del Festival Nacional del Chamam\u00e9<\/p>\n\n\n\n<p>\u2060Domingo 8\/2: Bailantas diurnas y cuarta noche del Festival Nacional del Chamam\u00e9<\/p>\n\n\n\n<p><\/p>\n\n\n\n<p>M\u00e1s informaci\u00f3n en las redes de @federalchamame&nbsp;&nbsp;<\/p>\n","protected":false},"excerpt":{"rendered":"<p>El Certamen Nuevos Valores del Festival Nacional del Chamam\u00e9 de Federal se realizar\u00e1 este viernes 23 de enero desde las 19hs en el centro cultural ubicado en Matorras 861, Paran\u00e1. La entrada es libre y gratuita. Acompa\u00f1a la Secretar\u00eda de Cultura de Entre R\u00edos, en el marco de su agenda Cuac! Cultura Activa Verano. Los [&hellip;]<\/p>\n","protected":false},"author":49,"featured_media":16102,"comment_status":"open","ping_status":"open","sticky":false,"template":"","format":"standard","meta":{"_et_pb_use_builder":"off","_et_pb_old_content":"","_et_gb_content_width":"","footnotes":""},"categories":[28,18],"tags":[],"class_list":["post-16100","post","type-post","status-publish","format-standard","has-post-thumbnail","hentry","category-noticias","category-centro-cultural-la-vieja-usina"],"_links":{"self":[{"href":"https:\/\/www.entrerios.gov.ar\/cultura\/wp-json\/wp\/v2\/posts\/16100","targetHints":{"allow":["GET"]}}],"collection":[{"href":"https:\/\/www.entrerios.gov.ar\/cultura\/wp-json\/wp\/v2\/posts"}],"about":[{"href":"https:\/\/www.entrerios.gov.ar\/cultura\/wp-json\/wp\/v2\/types\/post"}],"author":[{"embeddable":true,"href":"https:\/\/www.entrerios.gov.ar\/cultura\/wp-json\/wp\/v2\/users\/49"}],"replies":[{"embeddable":true,"href":"https:\/\/www.entrerios.gov.ar\/cultura\/wp-json\/wp\/v2\/comments?post=16100"}],"version-history":[{"count":2,"href":"https:\/\/www.entrerios.gov.ar\/cultura\/wp-json\/wp\/v2\/posts\/16100\/revisions"}],"predecessor-version":[{"id":16105,"href":"https:\/\/www.entrerios.gov.ar\/cultura\/wp-json\/wp\/v2\/posts\/16100\/revisions\/16105"}],"wp:featuredmedia":[{"embeddable":true,"href":"https:\/\/www.entrerios.gov.ar\/cultura\/wp-json\/wp\/v2\/media\/16102"}],"wp:attachment":[{"href":"https:\/\/www.entrerios.gov.ar\/cultura\/wp-json\/wp\/v2\/media?parent=16100"}],"wp:term":[{"taxonomy":"category","embeddable":true,"href":"https:\/\/www.entrerios.gov.ar\/cultura\/wp-json\/wp\/v2\/categories?post=16100"},{"taxonomy":"post_tag","embeddable":true,"href":"https:\/\/www.entrerios.gov.ar\/cultura\/wp-json\/wp\/v2\/tags?post=16100"}],"curies":[{"name":"wp","href":"https:\/\/api.w.org\/{rel}","templated":true}]}}