{"id":16106,"date":"2026-01-23T20:26:05","date_gmt":"2026-01-23T20:26:05","guid":{"rendered":"https:\/\/www.entrerios.gov.ar\/cultura\/?p=16106"},"modified":"2026-01-23T20:27:38","modified_gmt":"2026-01-23T20:27:38","slug":"este-martes-continua-el-ciclo-de-carnaval-entrerriano-en-la-vieja-usina","status":"publish","type":"post","link":"https:\/\/www.entrerios.gov.ar\/cultura\/este-martes-continua-el-ciclo-de-carnaval-entrerriano-en-la-vieja-usina\/","title":{"rendered":"Este martes contin\u00faa el ciclo de carnaval entrerriano en La Vieja Usina"},"content":{"rendered":"\n<p>Este martes 27 de enero desde las 20 desfilar\u00e1n delegaciones de Ubajay, Santa Elena y Paran\u00e1. Tambi\u00e9n habr\u00e1 gastronom\u00eda y sorteo de pasajes a Gualeguaych\u00fa con entradas a las Termas y el Carnaval, entradas al carnaval de Victoria y pases a las Termas de Mar\u00eda Grande. Organiza la Secretar\u00eda de Cultura de Entre R\u00edos, con acceso libre y gratuito.<\/p>\n\n\n\n<p>La Vieja Usina se transformar\u00e1 nuevamente en un cors\u00f3dromo donde cada delegaci\u00f3n mostrar\u00e1 su color y su identidad. El p\u00fablico podr\u00e1 llevar sillones para estar m\u00e1s c\u00f3modos. Respecto al sorteo, quienes asistan ser\u00e1n invitados en el ingreso a completar sus datos para participar. &nbsp;<\/p>\n\n\n\n<p>Las otras fechas del ciclo ser\u00e1n: 3 y 10 de febrero, con la participaci\u00f3n de m\u00e1s localidades entrerrianas.<\/p>\n\n\n\n<p>En la primera noche, con desfile de Feliciano, Victoria y Paran\u00e1, la propuesta tuvo una alta convocatoria de p\u00fablico. \u00a0<\/p>\n\n\n\n<p>La actividad es parte de CUAC! Cultura Activa Verano, una agenda que la Secretar\u00eda de Cultura de Entre R\u00edos desarrolla durante esta temporada en distintos puntos de la provincia.<\/p>\n","protected":false},"excerpt":{"rendered":"<p>Este martes 27 de enero desde las 20 desfilar\u00e1n delegaciones de Ubajay, Santa Elena y Paran\u00e1. Tambi\u00e9n habr\u00e1 gastronom\u00eda y sorteo de pasajes a Gualeguaych\u00fa con entradas a las Termas y el Carnaval, entradas al carnaval de Victoria y pases a las Termas de Mar\u00eda Grande. Organiza la Secretar\u00eda de Cultura de Entre R\u00edos, con [&hellip;]<\/p>\n","protected":false},"author":51,"featured_media":16108,"comment_status":"open","ping_status":"open","sticky":false,"template":"","format":"standard","meta":{"_et_pb_use_builder":"off","_et_pb_old_content":"","_et_gb_content_width":"","footnotes":""},"categories":[28,18],"tags":[],"class_list":["post-16106","post","type-post","status-publish","format-standard","has-post-thumbnail","hentry","category-noticias","category-centro-cultural-la-vieja-usina"],"_links":{"self":[{"href":"https:\/\/www.entrerios.gov.ar\/cultura\/wp-json\/wp\/v2\/posts\/16106","targetHints":{"allow":["GET"]}}],"collection":[{"href":"https:\/\/www.entrerios.gov.ar\/cultura\/wp-json\/wp\/v2\/posts"}],"about":[{"href":"https:\/\/www.entrerios.gov.ar\/cultura\/wp-json\/wp\/v2\/types\/post"}],"author":[{"embeddable":true,"href":"https:\/\/www.entrerios.gov.ar\/cultura\/wp-json\/wp\/v2\/users\/51"}],"replies":[{"embeddable":true,"href":"https:\/\/www.entrerios.gov.ar\/cultura\/wp-json\/wp\/v2\/comments?post=16106"}],"version-history":[{"count":3,"href":"https:\/\/www.entrerios.gov.ar\/cultura\/wp-json\/wp\/v2\/posts\/16106\/revisions"}],"predecessor-version":[{"id":16110,"href":"https:\/\/www.entrerios.gov.ar\/cultura\/wp-json\/wp\/v2\/posts\/16106\/revisions\/16110"}],"wp:featuredmedia":[{"embeddable":true,"href":"https:\/\/www.entrerios.gov.ar\/cultura\/wp-json\/wp\/v2\/media\/16108"}],"wp:attachment":[{"href":"https:\/\/www.entrerios.gov.ar\/cultura\/wp-json\/wp\/v2\/media?parent=16106"}],"wp:term":[{"taxonomy":"category","embeddable":true,"href":"https:\/\/www.entrerios.gov.ar\/cultura\/wp-json\/wp\/v2\/categories?post=16106"},{"taxonomy":"post_tag","embeddable":true,"href":"https:\/\/www.entrerios.gov.ar\/cultura\/wp-json\/wp\/v2\/tags?post=16106"}],"curies":[{"name":"wp","href":"https:\/\/api.w.org\/{rel}","templated":true}]}}