{"id":16118,"date":"2026-01-26T12:58:18","date_gmt":"2026-01-26T12:58:18","guid":{"rendered":"https:\/\/www.entrerios.gov.ar\/cultura\/?p=16118"},"modified":"2026-01-26T13:54:29","modified_gmt":"2026-01-26T13:54:29","slug":"el-pre-federal-se-vivio-a-sala-llena-en-la-vieja-usina","status":"publish","type":"post","link":"https:\/\/www.entrerios.gov.ar\/cultura\/el-pre-federal-se-vivio-a-sala-llena-en-la-vieja-usina\/","title":{"rendered":"El Pre Federal se vivi\u00f3 a sala llena en La Vieja Usina"},"content":{"rendered":"\n<p>El Certamen Nuevos Valores del Festival Nacional del Chamam\u00e9 tuvo la participaci\u00f3n de artistas de la regi\u00f3n e invitados. La final se realizar\u00e1 el 5 de febrero. Acompa\u00f1a la Secretar\u00eda de Cultura de Entre R\u00edos.<\/p>\n\n\n\n<p>Entre los participantes hubo conjuntos de los departamentos Paran\u00e1 y Diamante y de la provincia de Santa Fe. El jurado conformado por Luis \u201cPajarito\u201d Silvestri, Mar\u00eda Luz Erazun y Ramiro Matteoda, defini\u00f3 que Lilian Farioli fuera la ganadora, otorgando una menci\u00f3n especial a Mart\u00edn Peralta.<\/p>\n\n\n\n<p>El certamen se defini\u00f3 con un desempate del que tambi\u00e9n formaron parte Los Hermanos Corradini. La jornada se complet\u00f3 con actuaciones de Mar\u00eda Luz Erazun y Ramiro Matteoda; los j\u00f3venes federalenses Federico Garita y Ramiro Ascargorta; y el acordeonista paranaense Thiago Scaldaferro. Adem\u00e1s, Ileana Colombani y Franco Cardozo sumaron danza al espect\u00e1culo.<\/p>\n\n\n\n<p><\/p>\n\n\n\n<figure class=\"wp-block-image size-large\"><img loading=\"lazy\" decoding=\"async\" width=\"1024\" height=\"683\" src=\"https:\/\/www.entrerios.gov.ar\/cultura\/wp-content\/uploads\/2026\/01\/PreFederal-2-1024x683.jpg\" alt=\"\" class=\"wp-image-16124\" srcset=\"https:\/\/www.entrerios.gov.ar\/cultura\/wp-content\/uploads\/2026\/01\/PreFederal-2-980x653.jpg 980w, https:\/\/www.entrerios.gov.ar\/cultura\/wp-content\/uploads\/2026\/01\/PreFederal-2-480x320.jpg 480w\" sizes=\"auto, (min-width: 0px) and (max-width: 480px) 480px, (min-width: 481px) and (max-width: 980px) 980px, (min-width: 981px) 1024px, 100vw\" \/><\/figure>\n\n\n\n<p><\/p>\n\n\n\n<p>El secretario de Cultura de Entre R\u00edos, Juli\u00e1n Stoppello, valor\u00f3 \u201cseguir abriendo los espacios culturales de la provincia a las distintas localidades y sus fiestas populares para construir una verdadera gesti\u00f3n y cultura federal\u201d.<\/p>\n\n\n\n<p>El secretario de Cultura, Turismo y Deportes de Federal, Flavio M\u00e1rquez, agradeci\u00f3 \u201ca la Secretar\u00eda de Cultura de Entre R\u00edos por el acompa\u00f1amiento y al personal de La Vieja Usina por la predisposici\u00f3n y su trabajo profesional. Tambi\u00e9n al p\u00fablico y a cada uno de los participantes\u201d.<\/p>\n\n\n\n<p>El Pre Federal ha tenido instancias clasificatorias en distintas localidades de Entre R\u00edos, Santa Fe, Buenos Aires y Corrientes. Los ganadores de cada subsede competir\u00e1n sobre el Escenario Ernesto Montiel el pr\u00f3ximo jueves 5 de febrero, en la antesala de la primera de las noches centrales del festival que se extender\u00e1 hasta el 8 de febrero. M\u00e1s informaci\u00f3n sobre entradas en las redes de @federalchamame&nbsp;<\/p>\n\n\n\n<p><\/p>\n\n\n\n<figure class=\"wp-block-image size-large\"><img loading=\"lazy\" decoding=\"async\" width=\"1024\" height=\"683\" src=\"https:\/\/www.entrerios.gov.ar\/cultura\/wp-content\/uploads\/2026\/01\/image-20-1024x683.jpeg\" alt=\"\" class=\"wp-image-16120\" srcset=\"https:\/\/www.entrerios.gov.ar\/cultura\/wp-content\/uploads\/2026\/01\/image-20-980x653.jpeg 980w, https:\/\/www.entrerios.gov.ar\/cultura\/wp-content\/uploads\/2026\/01\/image-20-480x320.jpeg 480w\" sizes=\"auto, (min-width: 0px) and (max-width: 480px) 480px, (min-width: 481px) and (max-width: 980px) 980px, (min-width: 981px) 1024px, 100vw\" \/><\/figure>\n\n\n\n<p><\/p>\n\n\n\n<p>Se recuerda que las actividades del 51\u00b0 Festival Nacional del Chamam\u00e9 comenzar\u00e1n el viernes 31 de enero y s\u00e1bado 1 de febrero con las bailantas nocturnas en el predio Cancha Uni\u00f3n; para continuar con las Pe\u00f1as Oficiales entre el lunes 2 y el mi\u00e9rcoles 4 de febrero, en el Anfiteatro Francisco Ram\u00edrez. Estas actividades ser\u00e1n con entrada libre y gratuita.<\/p>\n","protected":false},"excerpt":{"rendered":"<p>El Certamen Nuevos Valores del Festival Nacional del Chamam\u00e9 tuvo la participaci\u00f3n de artistas de la regi\u00f3n e invitados. La final se realizar\u00e1 el 5 de febrero. Acompa\u00f1a la Secretar\u00eda de Cultura de Entre R\u00edos. Entre los participantes hubo conjuntos de los departamentos Paran\u00e1 y Diamante y de la provincia de Santa Fe. El jurado [&hellip;]<\/p>\n","protected":false},"author":49,"featured_media":16121,"comment_status":"open","ping_status":"open","sticky":false,"template":"","format":"standard","meta":{"_et_pb_use_builder":"off","_et_pb_old_content":"","_et_gb_content_width":"","footnotes":""},"categories":[28,18],"tags":[],"class_list":["post-16118","post","type-post","status-publish","format-standard","has-post-thumbnail","hentry","category-noticias","category-centro-cultural-la-vieja-usina"],"_links":{"self":[{"href":"https:\/\/www.entrerios.gov.ar\/cultura\/wp-json\/wp\/v2\/posts\/16118","targetHints":{"allow":["GET"]}}],"collection":[{"href":"https:\/\/www.entrerios.gov.ar\/cultura\/wp-json\/wp\/v2\/posts"}],"about":[{"href":"https:\/\/www.entrerios.gov.ar\/cultura\/wp-json\/wp\/v2\/types\/post"}],"author":[{"embeddable":true,"href":"https:\/\/www.entrerios.gov.ar\/cultura\/wp-json\/wp\/v2\/users\/49"}],"replies":[{"embeddable":true,"href":"https:\/\/www.entrerios.gov.ar\/cultura\/wp-json\/wp\/v2\/comments?post=16118"}],"version-history":[{"count":2,"href":"https:\/\/www.entrerios.gov.ar\/cultura\/wp-json\/wp\/v2\/posts\/16118\/revisions"}],"predecessor-version":[{"id":16125,"href":"https:\/\/www.entrerios.gov.ar\/cultura\/wp-json\/wp\/v2\/posts\/16118\/revisions\/16125"}],"wp:featuredmedia":[{"embeddable":true,"href":"https:\/\/www.entrerios.gov.ar\/cultura\/wp-json\/wp\/v2\/media\/16121"}],"wp:attachment":[{"href":"https:\/\/www.entrerios.gov.ar\/cultura\/wp-json\/wp\/v2\/media?parent=16118"}],"wp:term":[{"taxonomy":"category","embeddable":true,"href":"https:\/\/www.entrerios.gov.ar\/cultura\/wp-json\/wp\/v2\/categories?post=16118"},{"taxonomy":"post_tag","embeddable":true,"href":"https:\/\/www.entrerios.gov.ar\/cultura\/wp-json\/wp\/v2\/tags?post=16118"}],"curies":[{"name":"wp","href":"https:\/\/api.w.org\/{rel}","templated":true}]}}