{"id":16132,"date":"2026-01-27T13:30:19","date_gmt":"2026-01-27T13:30:19","guid":{"rendered":"https:\/\/www.entrerios.gov.ar\/cultura\/?p=16132"},"modified":"2026-01-27T13:30:22","modified_gmt":"2026-01-27T13:30:22","slug":"invitan-a-disfrutar-de-una-nueva-proyeccion-del-ciclo-cine-bajo-las-estrellas","status":"publish","type":"post","link":"https:\/\/www.entrerios.gov.ar\/cultura\/invitan-a-disfrutar-de-una-nueva-proyeccion-del-ciclo-cine-bajo-las-estrellas\/","title":{"rendered":"Invitan a disfrutar de una nueva proyecci\u00f3n del ciclo Cine bajo las Estrellas"},"content":{"rendered":"\n<p>Es una propuesta impulsada desde la Secretar\u00eda de Cultura de Entre R\u00edos, a trav\u00e9s del Instituto Aut\u00e1rquico Audiovisual de Entre R\u00edos (IAAER), junto a la Municipalidad local. Este domingo 1 de febrero desde las 20 se proyectar\u00e1 la pel\u00edcula Las buenas intenciones, de Ana Garc\u00eda Blaya (Argentina \u2013 2019) + 16 y el cortometraje El tr\u00e1mite (2025), de Renzo Casalongue y Pablo Reato, en el Anfiteatro H\u00e9ctor Sant\u00e1ngelo, de Paran\u00e1. La entrada es libre y gratuita.<\/p>\n\n\n\n<p>El largometraje Las buenas intenciones, de Ana Garc\u00eda Blaya es un drama-comedia (85\u00b4 &#8211; Apta mayores de 16 a\u00f1os), que nos lleva a principios de los noventa en Buenos Aires. Amanda tiene 10 a\u00f1os, dos hermanos menores y padres separados con los que los ni\u00f1os conviven alternativamente. Cuando est\u00e1n con su padre, Amanda se ve obligada a ocupar el lugar de adulto y a cuidar -como puede- de todos, ya que Gustavo es un tipo bastante particular que ama a sus hijos apenas un poco m\u00e1s que a s\u00ed mismo. Pero un d\u00eda, su madre propone una alternativa fuera del pa\u00eds, lejos de la desprolija vida de su padre, y a Amanda esa propuesta la pone en jaque. Est\u00e1 interpretada por Javier Drolas, Amanda Minuj\u00edn, Ezequiel Fontanela, Carmela Minuj\u00edn, Sebasti\u00e1n Arzeno, Jazm\u00edn Stuart y Juan Minuj\u00edn.<\/p>\n\n\n\n<p>Por su parte, el cortometraje entrerriano que dirigen Renzo Casalongue y Pablo Reato (duraci\u00f3n \u00b413) y que particip\u00f3 en la \u00faltima edici\u00f3n del Festival Internacional de Cine de Entre R\u00edos (FICER 2025), es una comedia dram\u00e1tica que cuenta la historia de Susana, una se\u00f1ora mayor, que emprende una odisea para completar un rid\u00edculo tr\u00e1mite antes del mediod\u00eda, mientras lidia con las exigencias de las oficinas de la burocracia. Est\u00e1 interpretada por Malena Cudini, Alessandra Waitomo, Alan Feyt, Mauro \u00c1lvarez, y Danor Llano.<\/p>\n\n\n\n<p>La actividad es parte de CUAC! Cultura Activa Verano, una agenda que la Secretar\u00eda de Cultura de Entre R\u00edos desarrolla durante esta temporada en distintos puntos de la provincia.<\/p>\n","protected":false},"excerpt":{"rendered":"<p>Es una propuesta impulsada desde la Secretar\u00eda de Cultura de Entre R\u00edos, a trav\u00e9s del Instituto Aut\u00e1rquico Audiovisual de Entre R\u00edos (IAAER), junto a la Municipalidad local. Este domingo 1 de febrero desde las 20 se proyectar\u00e1 la pel\u00edcula Las buenas intenciones, de Ana Garc\u00eda Blaya (Argentina \u2013 2019) + 16 y el cortometraje El [&hellip;]<\/p>\n","protected":false},"author":49,"featured_media":16134,"comment_status":"open","ping_status":"open","sticky":false,"template":"","format":"standard","meta":{"_et_pb_use_builder":"off","_et_pb_old_content":"","_et_gb_content_width":"","footnotes":""},"categories":[28,4],"tags":[],"class_list":["post-16132","post","type-post","status-publish","format-standard","has-post-thumbnail","hentry","category-noticias","category-iaaer"],"_links":{"self":[{"href":"https:\/\/www.entrerios.gov.ar\/cultura\/wp-json\/wp\/v2\/posts\/16132","targetHints":{"allow":["GET"]}}],"collection":[{"href":"https:\/\/www.entrerios.gov.ar\/cultura\/wp-json\/wp\/v2\/posts"}],"about":[{"href":"https:\/\/www.entrerios.gov.ar\/cultura\/wp-json\/wp\/v2\/types\/post"}],"author":[{"embeddable":true,"href":"https:\/\/www.entrerios.gov.ar\/cultura\/wp-json\/wp\/v2\/users\/49"}],"replies":[{"embeddable":true,"href":"https:\/\/www.entrerios.gov.ar\/cultura\/wp-json\/wp\/v2\/comments?post=16132"}],"version-history":[{"count":1,"href":"https:\/\/www.entrerios.gov.ar\/cultura\/wp-json\/wp\/v2\/posts\/16132\/revisions"}],"predecessor-version":[{"id":16135,"href":"https:\/\/www.entrerios.gov.ar\/cultura\/wp-json\/wp\/v2\/posts\/16132\/revisions\/16135"}],"wp:featuredmedia":[{"embeddable":true,"href":"https:\/\/www.entrerios.gov.ar\/cultura\/wp-json\/wp\/v2\/media\/16134"}],"wp:attachment":[{"href":"https:\/\/www.entrerios.gov.ar\/cultura\/wp-json\/wp\/v2\/media?parent=16132"}],"wp:term":[{"taxonomy":"category","embeddable":true,"href":"https:\/\/www.entrerios.gov.ar\/cultura\/wp-json\/wp\/v2\/categories?post=16132"},{"taxonomy":"post_tag","embeddable":true,"href":"https:\/\/www.entrerios.gov.ar\/cultura\/wp-json\/wp\/v2\/tags?post=16132"}],"curies":[{"name":"wp","href":"https:\/\/api.w.org\/{rel}","templated":true}]}}