{"id":16146,"date":"2026-01-28T13:32:38","date_gmt":"2026-01-28T13:32:38","guid":{"rendered":"https:\/\/www.entrerios.gov.ar\/cultura\/?p=16146"},"modified":"2026-01-28T13:32:41","modified_gmt":"2026-01-28T13:32:41","slug":"el-carnaval-entrerriano-en-la-vieja-usina-continua-con-gran-respuesta-del-publico","status":"publish","type":"post","link":"https:\/\/www.entrerios.gov.ar\/cultura\/el-carnaval-entrerriano-en-la-vieja-usina-continua-con-gran-respuesta-del-publico\/","title":{"rendered":"El carnaval entrerriano en La Vieja Usina contin\u00faa con gran respuesta del p\u00fablico"},"content":{"rendered":"\n<p>Este martes desfilaron delegaciones de Ubajay, Santa Elena y Paran\u00e1. Tambi\u00e9n hubo gastronom\u00eda y sorteo de pasajes a Gualeguaych\u00fa con entradas a las Termas y el Carnaval, entradas al carnaval de Victoria y pases a las Termas de Mar\u00eda Grande. Organiza la Secretar\u00eda de Cultura de Entre R\u00edos, con acceso libre y gratuito.<\/p>\n\n\n\n<p>El evento es parte del ciclo La Noche de las Ciudades, impulsado por el \u00e1rea de Cultura provincial. El secretario de Cultura de Entre R\u00edos, Juli\u00e1n Stoppello, destac\u00f3 la continuidad de esta propuesta federal donde \u201clas distintas localidades de la provincia muestran su cultura y su identidad, en este caso, en una fiesta popular que tiene mucho arraigo en la ciudadan\u00eda\u201d.<\/p>\n\n\n\n<p><\/p>\n\n\n\n<figure class=\"wp-block-image size-large\"><img loading=\"lazy\" decoding=\"async\" width=\"1024\" height=\"683\" src=\"https:\/\/www.entrerios.gov.ar\/cultura\/wp-content\/uploads\/2026\/01\/image-26-1024x683.jpeg\" alt=\"\" class=\"wp-image-16148\" srcset=\"https:\/\/www.entrerios.gov.ar\/cultura\/wp-content\/uploads\/2026\/01\/image-26-980x653.jpeg 980w, https:\/\/www.entrerios.gov.ar\/cultura\/wp-content\/uploads\/2026\/01\/image-26-480x320.jpeg 480w\" sizes=\"auto, (min-width: 0px) and (max-width: 480px) 480px, (min-width: 481px) and (max-width: 980px) 980px, (min-width: 981px) 1024px, 100vw\" \/><\/figure>\n\n\n\n<p><\/p>\n\n\n\n<p>La directora de Turismo de Santa Elena, Carina Spahn, valor\u00f3 la propuesta: \u201cCelebramos poder compartir con el p\u00fablico nuestra m\u00fasica, vestimenta artesanal, baile, brillo y color. Adem\u00e1s, nos sirve para promocionar e invitar a nuestros carnavales\u201d.<\/p>\n\n\n\n<p>El director de Cultura y Turismo de Ubajay, Lisandro Gim\u00e9nez, indic\u00f3: \u201cNos llen\u00f3 de emoci\u00f3n presentar en la capital de la provincia todo lo que Ubajay tiene para compartir a trav\u00e9s de su carnaval\u201d.<\/p>\n\n\n\n<p><\/p>\n\n\n\n<figure class=\"wp-block-image size-large\"><img loading=\"lazy\" decoding=\"async\" width=\"1024\" height=\"683\" src=\"https:\/\/www.entrerios.gov.ar\/cultura\/wp-content\/uploads\/2026\/01\/image-27-1024x683.jpeg\" alt=\"\" class=\"wp-image-16149\" srcset=\"https:\/\/www.entrerios.gov.ar\/cultura\/wp-content\/uploads\/2026\/01\/image-27-980x653.jpeg 980w, https:\/\/www.entrerios.gov.ar\/cultura\/wp-content\/uploads\/2026\/01\/image-27-480x320.jpeg 480w\" sizes=\"auto, (min-width: 0px) and (max-width: 480px) 480px, (min-width: 481px) and (max-width: 980px) 980px, (min-width: 981px) 1024px, 100vw\" \/><\/figure>\n\n\n\n<p><\/p>\n\n\n\n<p>Aldana Del Mestre, bastonera de Samba Oeste Litoral y gestora cultural de la Escuela de Carnaval de Paran\u00e1 (Biblioteca Lemebel), concluy\u00f3: \u201cEste ciclo se convirti\u00f3 en un evento importante para visibilizar la identidad de cada ciudad mediante el carnaval\u201d.<\/p>\n\n\n\n<p><\/p>\n\n\n\n<figure class=\"wp-block-image size-large\"><img loading=\"lazy\" decoding=\"async\" width=\"1024\" height=\"683\" src=\"https:\/\/www.entrerios.gov.ar\/cultura\/wp-content\/uploads\/2026\/01\/image-28-1024x683.jpeg\" alt=\"\" class=\"wp-image-16150\" srcset=\"https:\/\/www.entrerios.gov.ar\/cultura\/wp-content\/uploads\/2026\/01\/image-28-980x653.jpeg 980w, https:\/\/www.entrerios.gov.ar\/cultura\/wp-content\/uploads\/2026\/01\/image-28-480x320.jpeg 480w\" sizes=\"auto, (min-width: 0px) and (max-width: 480px) 480px, (min-width: 481px) and (max-width: 980px) 980px, (min-width: 981px) 1024px, 100vw\" \/><\/figure>\n\n\n\n<p><\/p>\n\n\n\n<p>La pr\u00f3xima jornada ser\u00e1 el mi\u00e9rcoles 4 de febrero a las 20hs con entrada libre y gratuita, tambi\u00e9n en La Vieja Usina. A los sorteos habituales se sumar\u00e1n entradas para el Parque Acu\u00e1tico Mar de Sue\u00f1os.&nbsp;<\/p>\n\n\n\n<p><\/p>\n\n\n\n<figure class=\"wp-block-image size-large\"><img loading=\"lazy\" decoding=\"async\" width=\"1024\" height=\"683\" src=\"https:\/\/www.entrerios.gov.ar\/cultura\/wp-content\/uploads\/2026\/01\/image-25-1024x683.jpeg\" alt=\"\" class=\"wp-image-16147\" srcset=\"https:\/\/www.entrerios.gov.ar\/cultura\/wp-content\/uploads\/2026\/01\/image-25-980x653.jpeg 980w, https:\/\/www.entrerios.gov.ar\/cultura\/wp-content\/uploads\/2026\/01\/image-25-480x320.jpeg 480w\" sizes=\"auto, (min-width: 0px) and (max-width: 480px) 480px, (min-width: 481px) and (max-width: 980px) 980px, (min-width: 981px) 1024px, 100vw\" \/><\/figure>\n\n\n\n<p><\/p>\n\n\n\n<p>En la primera noche, tambi\u00e9n con gran concurrencia de p\u00fablico, desfilaron Feliciano, Victoria y Paran\u00e1.&nbsp;<\/p>\n\n\n\n<p>La actividad es parte de CUAC! Cultura Activa Verano, una agenda que la Secretar\u00eda de Cultura de Entre R\u00edos desarrolla durante esta temporada en distintos puntos de la provincia.<\/p>\n","protected":false},"excerpt":{"rendered":"<p>Este martes desfilaron delegaciones de Ubajay, Santa Elena y Paran\u00e1. Tambi\u00e9n hubo gastronom\u00eda y sorteo de pasajes a Gualeguaych\u00fa con entradas a las Termas y el Carnaval, entradas al carnaval de Victoria y pases a las Termas de Mar\u00eda Grande. Organiza la Secretar\u00eda de Cultura de Entre R\u00edos, con acceso libre y gratuito. El evento [&hellip;]<\/p>\n","protected":false},"author":49,"featured_media":16152,"comment_status":"open","ping_status":"open","sticky":false,"template":"","format":"standard","meta":{"_et_pb_use_builder":"off","_et_pb_old_content":"","_et_gb_content_width":"","footnotes":""},"categories":[28,18],"tags":[],"class_list":["post-16146","post","type-post","status-publish","format-standard","has-post-thumbnail","hentry","category-noticias","category-centro-cultural-la-vieja-usina"],"_links":{"self":[{"href":"https:\/\/www.entrerios.gov.ar\/cultura\/wp-json\/wp\/v2\/posts\/16146","targetHints":{"allow":["GET"]}}],"collection":[{"href":"https:\/\/www.entrerios.gov.ar\/cultura\/wp-json\/wp\/v2\/posts"}],"about":[{"href":"https:\/\/www.entrerios.gov.ar\/cultura\/wp-json\/wp\/v2\/types\/post"}],"author":[{"embeddable":true,"href":"https:\/\/www.entrerios.gov.ar\/cultura\/wp-json\/wp\/v2\/users\/49"}],"replies":[{"embeddable":true,"href":"https:\/\/www.entrerios.gov.ar\/cultura\/wp-json\/wp\/v2\/comments?post=16146"}],"version-history":[{"count":1,"href":"https:\/\/www.entrerios.gov.ar\/cultura\/wp-json\/wp\/v2\/posts\/16146\/revisions"}],"predecessor-version":[{"id":16153,"href":"https:\/\/www.entrerios.gov.ar\/cultura\/wp-json\/wp\/v2\/posts\/16146\/revisions\/16153"}],"wp:featuredmedia":[{"embeddable":true,"href":"https:\/\/www.entrerios.gov.ar\/cultura\/wp-json\/wp\/v2\/media\/16152"}],"wp:attachment":[{"href":"https:\/\/www.entrerios.gov.ar\/cultura\/wp-json\/wp\/v2\/media?parent=16146"}],"wp:term":[{"taxonomy":"category","embeddable":true,"href":"https:\/\/www.entrerios.gov.ar\/cultura\/wp-json\/wp\/v2\/categories?post=16146"},{"taxonomy":"post_tag","embeddable":true,"href":"https:\/\/www.entrerios.gov.ar\/cultura\/wp-json\/wp\/v2\/tags?post=16146"}],"curies":[{"name":"wp","href":"https:\/\/api.w.org\/{rel}","templated":true}]}}