{"id":16532,"date":"2026-03-08T08:00:00","date_gmt":"2026-03-08T08:00:00","guid":{"rendered":"https:\/\/www.entrerios.gov.ar\/cultura\/?p=16532"},"modified":"2026-03-07T13:10:25","modified_gmt":"2026-03-07T13:10:25","slug":"la-sinfonica-de-entre-rios-presenta-dos-grandes-obras-del-romanticismo-musical-en-la-vieja-usina","status":"publish","type":"post","link":"https:\/\/www.entrerios.gov.ar\/cultura\/la-sinfonica-de-entre-rios-presenta-dos-grandes-obras-del-romanticismo-musical-en-la-vieja-usina\/","title":{"rendered":"La Sinf\u00f3nica de Entre R\u00edos presenta dos grandes obras del romanticismo musical en La Vieja Usina"},"content":{"rendered":"\n<p>Ser\u00e1 este s\u00e1bado 14 de marzo a las 20 en el espacio cultural de calle Matorras 861, Paran\u00e1. Organiza la Secretar\u00eda de Cultura provincial con entrada libre y gratuita por orden de llegada.<\/p>\n\n\n\n<p>Bajo la direcci\u00f3n de su director art\u00edstico Luis Gorelik y la direcci\u00f3n invitada de Yeny Delgado, el programa contar\u00e1 con la solista Lucrecia Mauro, pianista paranaense, y la participaci\u00f3n especial del concertino de la Orquesta Sinf\u00f3nica de Entre R\u00edos, Ra\u00fal Vallejos. Se interpretar\u00e1n el Concierto para Viol\u00edn, Piano y Cuerdas de F\u00e9lix Mendelssohn y la Sinfon\u00eda No. 3 Op. 90 de Johannes Brahms.<\/p>\n\n\n\n<p><strong>Sobre Yeny Delgado<\/strong><\/p>\n\n\n\n<p>Es Licenciada con T\u00edtulo de Oro en Direcci\u00f3n Orquestal por la Universidad de las Artes de la Habana y actualmente se desempe\u00f1a como Directora Titular y Art\u00edstica de la Orquesta Estable de Tucum\u00e1n. Su formaci\u00f3n incluye estudios con maestros como Claudio Abbado y Luis Gorelik, adem\u00e1s de diversos posgrados realizados en Chile, M\u00e9xico, Brasil y Argentina. A lo largo de su carrera, ocup\u00f3 la titularidad de la Orquesta Sinf\u00f3nica de Matanzas en Cuba y dirigi\u00f3 la Orquesta Sinf\u00f3nica de Salta entre 2008 y 2022. Como directora invitada, ha estado al frente de importantes agrupaciones como la Filarm\u00f3nica de Buenos Aires, la Sinf\u00f3nica Nacional de Argentina y diversas orquestas de Chile, Brasil, Uruguay y M\u00e9xico. Su labor ha sido distinguida por Radio Nacional Cl\u00e1sica como \u201cDirectora Consagrada\u201d y por la Asociaci\u00f3n de Cr\u00edticos Musicales de la Argentina en 2023. Adem\u00e1s, fund\u00f3 la Orquesta Sinf\u00f3nica Juvenil de Matanzas, fomentando el desarrollo de nuevas generaciones de m\u00fasicos. Es miembro del Movimiento Internacional Women Conductors y del Proyecto de Desarrollo de la M\u00fasica Sinf\u00f3nica. La cr\u00edtica especializada ha elogiado su direcci\u00f3n inteligente, firme y su capacidad para lograr la medida exacta en sinfon\u00edas complejas. Para el a\u00f1o 2026, mantiene compromisos art\u00edsticos como invitada en orquestas de Brasil, Chile, Argentina y Cuba.<\/p>\n\n\n\n<p><\/p>\n\n\n\n<figure class=\"wp-block-image size-large\"><img loading=\"lazy\" decoding=\"async\" width=\"1024\" height=\"683\" src=\"https:\/\/www.entrerios.gov.ar\/cultura\/wp-content\/uploads\/2026\/03\/image-12-1024x683.jpeg\" alt=\"\" class=\"wp-image-16533\" srcset=\"https:\/\/www.entrerios.gov.ar\/cultura\/wp-content\/uploads\/2026\/03\/image-12-980x654.jpeg 980w, https:\/\/www.entrerios.gov.ar\/cultura\/wp-content\/uploads\/2026\/03\/image-12-480x320.jpeg 480w\" sizes=\"auto, (min-width: 0px) and (max-width: 480px) 480px, (min-width: 481px) and (max-width: 980px) 980px, (min-width: 981px) 1024px, 100vw\" \/><\/figure>\n\n\n\n<p><\/p>\n\n\n\n<p><strong>Acerca de Lucrecia Mauro<\/strong><\/p>\n\n\n\n<p>Nacida en Paran\u00e1, se form\u00f3 musicalmente en la Escuela de M\u00fasica &#8220;Profesor Constancio Carminio&#8221;, donde egres\u00f3 en 2005 como Profesora Superior de M\u00fasica en la especialidad de piano. Actualmente se desempe\u00f1a en dicha instituci\u00f3n como docente de Piano, M\u00fasica de C\u00e1mara y Correpetici\u00f3n, siendo adem\u00e1s disc\u00edpula de la maestra Nidia Koppisch. Su perfeccionamiento pian\u00edstico incluye cursos con destacados maestros como P\u00eda Sebastiani, M\u00f3nica Kosachof e Iv\u00e1n C\u00edtera, entre otros. Ha desarrollado una intensa actividad como solista y en recitales de m\u00fasica de c\u00e1mara en diversas ciudades de Argentina, incluyendo Paran\u00e1, Santa Fe, Rosario y C\u00f3rdoba. Desde 2008 y 2009 ejerce la docencia en las c\u00e1tedras de piano y m\u00fasica de c\u00e1mara de la Universidad Adventista del Plata y la Universidad Nacional del Litoral. En su trayectoria como solista, destacan sus actuaciones junto a la Orquesta Sinf\u00f3nica de Entre R\u00edos bajo las direcciones de Luis Gorelik y Francisco Varela. Tambi\u00e9n fue invitada a actuar con la orquesta del Centro del Conocimiento en Posadas y form\u00f3 parte de la Orquesta Sinf\u00f3nica de Santa Fe tras obtener el puesto por concurso. En el presente a\u00f1o, particip\u00f3 de una gira de conciertos del Centro de Estudios Pian\u00edsticos de Barcelona, present\u00e1ndose junto a la Orquesta de C\u00e1mara del Instituto Superior de M\u00fasica.<\/p>\n\n\n\n<p><\/p>\n\n\n\n<figure class=\"wp-block-image size-large\"><img loading=\"lazy\" decoding=\"async\" width=\"1024\" height=\"683\" src=\"https:\/\/www.entrerios.gov.ar\/cultura\/wp-content\/uploads\/2026\/03\/image-14-1024x683.jpeg\" alt=\"\" class=\"wp-image-16535\" srcset=\"https:\/\/www.entrerios.gov.ar\/cultura\/wp-content\/uploads\/2026\/03\/image-14-980x654.jpeg 980w, https:\/\/www.entrerios.gov.ar\/cultura\/wp-content\/uploads\/2026\/03\/image-14-480x320.jpeg 480w\" sizes=\"auto, (min-width: 0px) and (max-width: 480px) 480px, (min-width: 481px) and (max-width: 980px) 980px, (min-width: 981px) 1024px, 100vw\" \/><\/figure>\n\n\n\n<p><\/p>\n\n\n\n<p><strong>Trayectoria de Ra\u00fal Vallejos<\/strong><\/p>\n\n\n\n<p>Ra\u00fal Vallejos inici\u00f3 su formaci\u00f3n bajo la direcci\u00f3n de Roberto Ben\u00edtez y perfeccion\u00f3 sus estudios con maestros como Ljerko Spiller y Jos\u00e9 Bondar. A lo largo de su carrera, ha integrado diversas agrupaciones y conjuntos de c\u00e1mara en las principales provincias argentinas y en Paraguay. Como solista, se ha presentado junto a las orquestas sinf\u00f3nicas de Santa Fe, Entre R\u00edos, Chaco y Corrientes.&nbsp;<\/p>\n\n\n\n<p><\/p>\n\n\n\n<figure class=\"wp-block-image size-large\"><img loading=\"lazy\" decoding=\"async\" width=\"1024\" height=\"683\" src=\"https:\/\/www.entrerios.gov.ar\/cultura\/wp-content\/uploads\/2026\/03\/image-15-1024x683.jpeg\" alt=\"\" class=\"wp-image-16536\" srcset=\"https:\/\/www.entrerios.gov.ar\/cultura\/wp-content\/uploads\/2026\/03\/image-15-980x654.jpeg 980w, https:\/\/www.entrerios.gov.ar\/cultura\/wp-content\/uploads\/2026\/03\/image-15-480x320.jpeg 480w\" sizes=\"auto, (min-width: 0px) and (max-width: 480px) 480px, (min-width: 481px) and (max-width: 980px) 980px, (min-width: 981px) 1024px, 100vw\" \/><\/figure>\n\n\n\n<p><\/p>\n\n\n\n<p>Entre sus distinciones destacan el primer premio del Mozarteum en 1986 y el Concurso Nacional de J\u00f3venes Solistas en 1993. Su trayectoria internacional incluye giras por Europa con el grupo de tango \u201cEl Arranque\u201d y actuaciones en Italia junto al Santa Fe String Quartet. Adem\u00e1s, desarroll\u00f3 una intensa labor nacional e internacional con el Gabriel De Pedro Quinteto y recibi\u00f3 el Premio M\u00e1scaras en 2017. En la actualidad, se desempe\u00f1a como concertino de la Orquesta Sinf\u00f3nica de Santa Fe y de la Orquesta Sinf\u00f3nica de Entre R\u00edos. Tambi\u00e9n ocupa el rol de concertino en la Orquesta de C\u00e1mara del Instituto Superior de M\u00fasica de la UNL.<\/p>\n","protected":false},"excerpt":{"rendered":"<p>Ser\u00e1 este s\u00e1bado 14 de marzo a las 20 en el espacio cultural de calle Matorras 861, Paran\u00e1. Organiza la Secretar\u00eda de Cultura provincial con entrada libre y gratuita por orden de llegada. Bajo la direcci\u00f3n de su director art\u00edstico Luis Gorelik y la direcci\u00f3n invitada de Yeny Delgado, el programa contar\u00e1 con la solista [&hellip;]<\/p>\n","protected":false},"author":49,"featured_media":16537,"comment_status":"open","ping_status":"open","sticky":false,"template":"","format":"standard","meta":{"_et_pb_use_builder":"off","_et_pb_old_content":"","_et_gb_content_width":"","footnotes":""},"categories":[28,17],"tags":[],"class_list":["post-16532","post","type-post","status-publish","format-standard","has-post-thumbnail","hentry","category-noticias","category-orquesta-sinfonica"],"_links":{"self":[{"href":"https:\/\/www.entrerios.gov.ar\/cultura\/wp-json\/wp\/v2\/posts\/16532","targetHints":{"allow":["GET"]}}],"collection":[{"href":"https:\/\/www.entrerios.gov.ar\/cultura\/wp-json\/wp\/v2\/posts"}],"about":[{"href":"https:\/\/www.entrerios.gov.ar\/cultura\/wp-json\/wp\/v2\/types\/post"}],"author":[{"embeddable":true,"href":"https:\/\/www.entrerios.gov.ar\/cultura\/wp-json\/wp\/v2\/users\/49"}],"replies":[{"embeddable":true,"href":"https:\/\/www.entrerios.gov.ar\/cultura\/wp-json\/wp\/v2\/comments?post=16532"}],"version-history":[{"count":1,"href":"https:\/\/www.entrerios.gov.ar\/cultura\/wp-json\/wp\/v2\/posts\/16532\/revisions"}],"predecessor-version":[{"id":16538,"href":"https:\/\/www.entrerios.gov.ar\/cultura\/wp-json\/wp\/v2\/posts\/16532\/revisions\/16538"}],"wp:featuredmedia":[{"embeddable":true,"href":"https:\/\/www.entrerios.gov.ar\/cultura\/wp-json\/wp\/v2\/media\/16537"}],"wp:attachment":[{"href":"https:\/\/www.entrerios.gov.ar\/cultura\/wp-json\/wp\/v2\/media?parent=16532"}],"wp:term":[{"taxonomy":"category","embeddable":true,"href":"https:\/\/www.entrerios.gov.ar\/cultura\/wp-json\/wp\/v2\/categories?post=16532"},{"taxonomy":"post_tag","embeddable":true,"href":"https:\/\/www.entrerios.gov.ar\/cultura\/wp-json\/wp\/v2\/tags?post=16532"}],"curies":[{"name":"wp","href":"https:\/\/api.w.org\/{rel}","templated":true}]}}