{"id":16539,"date":"2026-03-09T14:07:27","date_gmt":"2026-03-09T14:07:27","guid":{"rendered":"https:\/\/www.entrerios.gov.ar\/cultura\/?p=16539"},"modified":"2026-03-09T14:19:35","modified_gmt":"2026-03-09T14:19:35","slug":"la-biblioteca-provincial-convoca-a-una-asamblea-en-el-marco-de-la-reorganizacion-de-su-asociacion-cooperadora","status":"publish","type":"post","link":"https:\/\/www.entrerios.gov.ar\/cultura\/la-biblioteca-provincial-convoca-a-una-asamblea-en-el-marco-de-la-reorganizacion-de-su-asociacion-cooperadora\/","title":{"rendered":"La Biblioteca Provincial convoca a una Asamblea en el marco de la reorganizaci\u00f3n de su Asociaci\u00f3n Cooperadora"},"content":{"rendered":"\n<p>Ser\u00e1 el s\u00e1bado 28 de marzo a las 10.30hs en su sede de calle Alameda de la Federaci\u00f3n 278, Paran\u00e1. La finalidad del encuentro es definir las autoridades de la Comisi\u00f3n Reorganizadora de la Asociaci\u00f3n, instancia previa a la elecci\u00f3n de las autoridades definitivas.&nbsp;&nbsp;<\/p>\n\n\n\n<p>Este paso forma parte del proceso de regularizaci\u00f3n administrativa y legal destinado a reactivar la cooperadora, que se encuentra fuera de vigencia desde 2011. Su recuperaci\u00f3n resulta fundamental para acompa\u00f1ar y fortalecer el trabajo de la Biblioteca, tanto en sus servicios habituales de consulta y lectura en sede como en ciclos y propuestas itinerantes que se desarrollan en distintas localidades de la provincia.<\/p>\n\n\n\n<p>Quienes deseen participar deber\u00e1n presentarse con su DNI y una fotocopia del mismo (frente y dorso), si es que no lo hicieron en las reuniones previas, de acuerdo con lo dispuesto por la Direcci\u00f3n de Inspecci\u00f3n de Personas Jur\u00eddicas de Entre R\u00edos.<\/p>\n\n\n\n<p>Se invita a todas las personas interesadas a participar y acompa\u00f1ar este proceso de reorganizaci\u00f3n institucional, orientado a recuperar una herramienta clave para la vida cultural y el sostenimiento de las actividades de la Biblioteca Provincial.<\/p>\n\n\n\n<p>Para m\u00e1s informes:<\/p>\n\n\n\n<p>Tel\u00e9fono: 3434224308<\/p>\n\n\n\n<p>Mail: <a href=\"mailto:bibliotecadelaprovincia@gmail.com\" target=\"_blank\" rel=\"noreferrer noopener\">bibliotecadelaprovincia@gmail.com<\/a>\u00a0<\/p>\n","protected":false},"excerpt":{"rendered":"<p>Ser\u00e1 el s\u00e1bado 28 de marzo a las 10.30hs en su sede de calle Alameda de la Federaci\u00f3n 278, Paran\u00e1. La finalidad del encuentro es definir las autoridades de la Comisi\u00f3n Reorganizadora de la Asociaci\u00f3n, instancia previa a la elecci\u00f3n de las autoridades definitivas.&nbsp;&nbsp; Este paso forma parte del proceso de regularizaci\u00f3n administrativa y legal [&hellip;]<\/p>\n","protected":false},"author":49,"featured_media":16540,"comment_status":"open","ping_status":"open","sticky":false,"template":"","format":"standard","meta":{"_et_pb_use_builder":"off","_et_pb_old_content":"","_et_gb_content_width":"","footnotes":""},"categories":[28,5],"tags":[],"class_list":["post-16539","post","type-post","status-publish","format-standard","has-post-thumbnail","hentry","category-noticias","category-biblioteca-provincial"],"_links":{"self":[{"href":"https:\/\/www.entrerios.gov.ar\/cultura\/wp-json\/wp\/v2\/posts\/16539","targetHints":{"allow":["GET"]}}],"collection":[{"href":"https:\/\/www.entrerios.gov.ar\/cultura\/wp-json\/wp\/v2\/posts"}],"about":[{"href":"https:\/\/www.entrerios.gov.ar\/cultura\/wp-json\/wp\/v2\/types\/post"}],"author":[{"embeddable":true,"href":"https:\/\/www.entrerios.gov.ar\/cultura\/wp-json\/wp\/v2\/users\/49"}],"replies":[{"embeddable":true,"href":"https:\/\/www.entrerios.gov.ar\/cultura\/wp-json\/wp\/v2\/comments?post=16539"}],"version-history":[{"count":2,"href":"https:\/\/www.entrerios.gov.ar\/cultura\/wp-json\/wp\/v2\/posts\/16539\/revisions"}],"predecessor-version":[{"id":16542,"href":"https:\/\/www.entrerios.gov.ar\/cultura\/wp-json\/wp\/v2\/posts\/16539\/revisions\/16542"}],"wp:featuredmedia":[{"embeddable":true,"href":"https:\/\/www.entrerios.gov.ar\/cultura\/wp-json\/wp\/v2\/media\/16540"}],"wp:attachment":[{"href":"https:\/\/www.entrerios.gov.ar\/cultura\/wp-json\/wp\/v2\/media?parent=16539"}],"wp:term":[{"taxonomy":"category","embeddable":true,"href":"https:\/\/www.entrerios.gov.ar\/cultura\/wp-json\/wp\/v2\/categories?post=16539"},{"taxonomy":"post_tag","embeddable":true,"href":"https:\/\/www.entrerios.gov.ar\/cultura\/wp-json\/wp\/v2\/tags?post=16539"}],"curies":[{"name":"wp","href":"https:\/\/api.w.org\/{rel}","templated":true}]}}