{"id":16543,"date":"2026-03-09T14:25:40","date_gmt":"2026-03-09T14:25:40","guid":{"rendered":"https:\/\/www.entrerios.gov.ar\/cultura\/?p=16543"},"modified":"2026-03-09T14:26:00","modified_gmt":"2026-03-09T14:26:00","slug":"la-casa-de-la-cultura-de-entre-rios-inaugura-una-nueva-muestra","status":"publish","type":"post","link":"https:\/\/www.entrerios.gov.ar\/cultura\/la-casa-de-la-cultura-de-entre-rios-inaugura-una-nueva-muestra\/","title":{"rendered":"La Casa de la Cultura de Entre R\u00edos inaugura una nueva muestra"},"content":{"rendered":"\n<p>Ser\u00e1 este mi\u00e9rcoles 11 de marzo a las 20 en la Sala de Madera de la casona ubicada en 9 de julio y Carb\u00f3, Paran\u00e1. La propuesta se titula \u201cLo que el R\u00edo trae&#8230;\u201d y re\u00fane obras de la artista Aurora Sueldo. Con acceso libre y gratuito, invita la Secretar\u00eda de Cultura de Entre R\u00edos.<\/p>\n\n\n\n<p>Aurora Sueldo naci\u00f3 el 28 de julio de 1975 en Mercedes, Corrientes. En el 2008 comienza el Taller de Libre Expresi\u00f3n dictado por la Profesora Cecilia Barol\u00edn en la Casa de la Cultura La Paz (Entre R\u00edos). Sus primeras obras fueron figurativas y aluden al mundo natural (R\u00edo y flora aut\u00f3ctona).&nbsp;<\/p>\n\n\n\n<p>En el 2013 comenz\u00f3 con obras abstractas e incorpor\u00f3 la poes\u00eda como otra forma para expresarse.<\/p>\n\n\n\n<p>Sus obras transcurren entre la abstracci\u00f3n y la figuraci\u00f3n, entre las palabras y los silencios; incorpora adem\u00e1s las transferencias, l\u00e1piz y carbonilla. A partir del 2017 comienza una b\u00fasqueda enfocada en nuevos formatos y t\u00e9cnicas. Con nuevos desaf\u00edos, inspirados en el r\u00edo Paran\u00e1 y canoeros lugare\u00f1os, surgen obras en cer\u00e1mica, textiles e instalaciones art\u00edsticas que aluden a la tem\u00e1tica.<\/p>\n","protected":false},"excerpt":{"rendered":"<p>Ser\u00e1 este mi\u00e9rcoles 11 de marzo a las 20 en la Sala de Madera de la casona ubicada en 9 de julio y Carb\u00f3, Paran\u00e1. La propuesta se titula \u201cLo que el R\u00edo trae&#8230;\u201d y re\u00fane obras de la artista Aurora Sueldo. Con acceso libre y gratuito, invita la Secretar\u00eda de Cultura de Entre R\u00edos. [&hellip;]<\/p>\n","protected":false},"author":49,"featured_media":16545,"comment_status":"open","ping_status":"open","sticky":false,"template":"","format":"standard","meta":{"_et_pb_use_builder":"off","_et_pb_old_content":"","_et_gb_content_width":"","footnotes":""},"categories":[28,19],"tags":[],"class_list":["post-16543","post","type-post","status-publish","format-standard","has-post-thumbnail","hentry","category-noticias","category-casa-de-la-cultura-de-er"],"_links":{"self":[{"href":"https:\/\/www.entrerios.gov.ar\/cultura\/wp-json\/wp\/v2\/posts\/16543","targetHints":{"allow":["GET"]}}],"collection":[{"href":"https:\/\/www.entrerios.gov.ar\/cultura\/wp-json\/wp\/v2\/posts"}],"about":[{"href":"https:\/\/www.entrerios.gov.ar\/cultura\/wp-json\/wp\/v2\/types\/post"}],"author":[{"embeddable":true,"href":"https:\/\/www.entrerios.gov.ar\/cultura\/wp-json\/wp\/v2\/users\/49"}],"replies":[{"embeddable":true,"href":"https:\/\/www.entrerios.gov.ar\/cultura\/wp-json\/wp\/v2\/comments?post=16543"}],"version-history":[{"count":1,"href":"https:\/\/www.entrerios.gov.ar\/cultura\/wp-json\/wp\/v2\/posts\/16543\/revisions"}],"predecessor-version":[{"id":16546,"href":"https:\/\/www.entrerios.gov.ar\/cultura\/wp-json\/wp\/v2\/posts\/16543\/revisions\/16546"}],"wp:featuredmedia":[{"embeddable":true,"href":"https:\/\/www.entrerios.gov.ar\/cultura\/wp-json\/wp\/v2\/media\/16545"}],"wp:attachment":[{"href":"https:\/\/www.entrerios.gov.ar\/cultura\/wp-json\/wp\/v2\/media?parent=16543"}],"wp:term":[{"taxonomy":"category","embeddable":true,"href":"https:\/\/www.entrerios.gov.ar\/cultura\/wp-json\/wp\/v2\/categories?post=16543"},{"taxonomy":"post_tag","embeddable":true,"href":"https:\/\/www.entrerios.gov.ar\/cultura\/wp-json\/wp\/v2\/tags?post=16543"}],"curies":[{"name":"wp","href":"https:\/\/api.w.org\/{rel}","templated":true}]}}