{"id":16561,"date":"2026-03-11T12:14:20","date_gmt":"2026-03-11T12:14:20","guid":{"rendered":"https:\/\/www.entrerios.gov.ar\/cultura\/?p=16561"},"modified":"2026-03-11T12:14:24","modified_gmt":"2026-03-11T12:14:24","slug":"la-editorial-de-entre-rios-presenta-el-libro-letras-libres-en-segui","status":"publish","type":"post","link":"https:\/\/www.entrerios.gov.ar\/cultura\/la-editorial-de-entre-rios-presenta-el-libro-letras-libres-en-segui\/","title":{"rendered":"La Editorial de Entre R\u00edos presenta el libro Letras Libres en Segu\u00ed"},"content":{"rendered":"\n<p>Ser\u00e1 este viernes 13 de marzo a las 20 en el sal\u00f3n de la Cooperativa de Agua Potable (calle Sargento Cabral 736). El volumen re\u00fane textos distinguidos en las ediciones 2023 y 2024 del certamen literario provincial, organizado por el Instituto Padre Enrique Laumann D-49.<\/p>\n\n\n\n<p>La actividad, con entrada libre y gratuita, contar\u00e1 con la participaci\u00f3n de representantes de la instituci\u00f3n organizadora del certamen y de la Editorial de Entre R\u00edos (EDER), organismo de la Secretar\u00eda de Cultura de la provincia. Se extiende la invitaci\u00f3n a toda la comunidad.&nbsp;<\/p>\n\n\n\n<p>El certamen Letras Libres se ha afirmado como un espacio de participaci\u00f3n abierto que convoca a ni\u00f1os, j\u00f3venes y adultos de distintos puntos de la provincia en torno a la creaci\u00f3n literaria. A lo largo de sus ediciones, el concurso ha puesto de relieve el inter\u00e9s por escribir y compartir textos, confirmando el valor de sostener \u00e1mbitos que acompa\u00f1en y estimulen la producci\u00f3n literaria.<\/p>\n\n\n\n<p>Las producciones distinguidas en las ediciones 2023 y 2024 integran esta antolog\u00eda publicada por la Editorial de Entre R\u00edos, cuyo prop\u00f3sito es dar continuidad y visibilidad a la experiencia desarrollada por el certamen. El volumen reconoce el compromiso de quienes participan de la iniciativa y ofrece una muestra representativa de las voces que integran este espacio de escritura.<\/p>\n\n\n\n<p>Con la incorporaci\u00f3n de Letras Libres a su cat\u00e1logo, la Editorial de Entre R\u00edos acompa\u00f1a y pone en circulaci\u00f3n una experiencia colectiva de escritura surgida en el \u00e1mbito educativo y cultural de la provincia, contribuyendo a ampliar los espacios de lectura y difusi\u00f3n para nuevas producciones literarias.<\/p>\n","protected":false},"excerpt":{"rendered":"<p>Ser\u00e1 este viernes 13 de marzo a las 20 en el sal\u00f3n de la Cooperativa de Agua Potable (calle Sargento Cabral 736). El volumen re\u00fane textos distinguidos en las ediciones 2023 y 2024 del certamen literario provincial, organizado por el Instituto Padre Enrique Laumann D-49. La actividad, con entrada libre y gratuita, contar\u00e1 con la [&hellip;]<\/p>\n","protected":false},"author":49,"featured_media":16563,"comment_status":"open","ping_status":"open","sticky":false,"template":"","format":"standard","meta":{"_et_pb_use_builder":"off","_et_pb_old_content":"","_et_gb_content_width":"","footnotes":""},"categories":[28,6],"tags":[],"class_list":["post-16561","post","type-post","status-publish","format-standard","has-post-thumbnail","hentry","category-noticias","category-editorial-de-entre-rios"],"_links":{"self":[{"href":"https:\/\/www.entrerios.gov.ar\/cultura\/wp-json\/wp\/v2\/posts\/16561","targetHints":{"allow":["GET"]}}],"collection":[{"href":"https:\/\/www.entrerios.gov.ar\/cultura\/wp-json\/wp\/v2\/posts"}],"about":[{"href":"https:\/\/www.entrerios.gov.ar\/cultura\/wp-json\/wp\/v2\/types\/post"}],"author":[{"embeddable":true,"href":"https:\/\/www.entrerios.gov.ar\/cultura\/wp-json\/wp\/v2\/users\/49"}],"replies":[{"embeddable":true,"href":"https:\/\/www.entrerios.gov.ar\/cultura\/wp-json\/wp\/v2\/comments?post=16561"}],"version-history":[{"count":1,"href":"https:\/\/www.entrerios.gov.ar\/cultura\/wp-json\/wp\/v2\/posts\/16561\/revisions"}],"predecessor-version":[{"id":16564,"href":"https:\/\/www.entrerios.gov.ar\/cultura\/wp-json\/wp\/v2\/posts\/16561\/revisions\/16564"}],"wp:featuredmedia":[{"embeddable":true,"href":"https:\/\/www.entrerios.gov.ar\/cultura\/wp-json\/wp\/v2\/media\/16563"}],"wp:attachment":[{"href":"https:\/\/www.entrerios.gov.ar\/cultura\/wp-json\/wp\/v2\/media?parent=16561"}],"wp:term":[{"taxonomy":"category","embeddable":true,"href":"https:\/\/www.entrerios.gov.ar\/cultura\/wp-json\/wp\/v2\/categories?post=16561"},{"taxonomy":"post_tag","embeddable":true,"href":"https:\/\/www.entrerios.gov.ar\/cultura\/wp-json\/wp\/v2\/tags?post=16561"}],"curies":[{"name":"wp","href":"https:\/\/api.w.org\/{rel}","templated":true}]}}