{"id":16570,"date":"2026-03-12T15:57:03","date_gmt":"2026-03-12T15:57:03","guid":{"rendered":"https:\/\/www.entrerios.gov.ar\/cultura\/?p=16570"},"modified":"2026-03-12T15:57:05","modified_gmt":"2026-03-12T15:57:05","slug":"la-editorial-de-entre-rios-convoca-a-autores-de-la-provincia-para-participar-de-la-feria-internacional-del-libro-de-buenos-aires","status":"publish","type":"post","link":"https:\/\/www.entrerios.gov.ar\/cultura\/la-editorial-de-entre-rios-convoca-a-autores-de-la-provincia-para-participar-de-la-feria-internacional-del-libro-de-buenos-aires\/","title":{"rendered":"La Editorial de Entre R\u00edos convoca a autores de la provincia para participar de la Feria Internacional del Libro de Buenos Aires"},"content":{"rendered":"\n<p>La Editorial de Entre R\u00edos (EDER), dependiente de la Secretar\u00eda de Cultura de la provincia, convoca a autores entrerrianos interesados en presentar sus obras en el stand institucional de Entre R\u00edos en la 50\u00aa edici\u00f3n de la Feria Internacional del Libro de Buenos Aires. El evento se realizar\u00e1 del 23 de abril al 11 de mayo en el predio de La Rural.<\/p>\n\n\n\n<p>La EDER organizar\u00e1 una programaci\u00f3n de presentaciones y actividades en su espacio dentro de la feria, con el prop\u00f3sito de difundir la producci\u00f3n literaria de la provincia, seguir fomentando las industrias culturales y propiciar instancias de encuentro entre autores, editores, lectores e instituciones culturales.<\/p>\n\n\n\n<p>Quienes deseen participar con la presentaci\u00f3n de sus obras deber\u00e1n completar el formulario de inscripci\u00f3n online disponible en: <a href=\"https:\/\/forms.gle\/8L7NCMh7k1mKCPv1A\" target=\"_blank\" rel=\"noreferrer noopener\">https:\/\/forms.gle\/8L7NCMh7k1mKCPv1A<\/a> <\/p>\n\n\n\n<p>Para consultas o coordinaci\u00f3n del cronograma de actividades, podr\u00e1n comunicarse al tel\u00e9fono 3434807080, de lunes a viernes de 8 a 13 y de 16 a 20hs, hasta el 27 de marzo inclusive.<\/p>\n\n\n\n<p>Se informa que el D\u00eda de Entre R\u00edos en la feria tendr\u00e1 lugar el 6 de mayo. En esa jornada se presentar\u00e1 el Premio Fray Mocho en el g\u00e9nero Novela, titulada Horizonte de sucesos, de Mariana Bolz\u00e1n, junto a otras actividades vinculadas con la producci\u00f3n editorial y art\u00edstica de la provincia.<br><\/p>\n","protected":false},"excerpt":{"rendered":"<p>La Editorial de Entre R\u00edos (EDER), dependiente de la Secretar\u00eda de Cultura de la provincia, convoca a autores entrerrianos interesados en presentar sus obras en el stand institucional de Entre R\u00edos en la 50\u00aa edici\u00f3n de la Feria Internacional del Libro de Buenos Aires. El evento se realizar\u00e1 del 23 de abril al 11 de [&hellip;]<\/p>\n","protected":false},"author":51,"featured_media":16573,"comment_status":"open","ping_status":"open","sticky":false,"template":"","format":"standard","meta":{"_et_pb_use_builder":"off","_et_pb_old_content":"","_et_gb_content_width":"","footnotes":""},"categories":[28,29,6],"tags":[],"class_list":["post-16570","post","type-post","status-publish","format-standard","has-post-thumbnail","hentry","category-noticias","category-concursos","category-editorial-de-entre-rios"],"_links":{"self":[{"href":"https:\/\/www.entrerios.gov.ar\/cultura\/wp-json\/wp\/v2\/posts\/16570","targetHints":{"allow":["GET"]}}],"collection":[{"href":"https:\/\/www.entrerios.gov.ar\/cultura\/wp-json\/wp\/v2\/posts"}],"about":[{"href":"https:\/\/www.entrerios.gov.ar\/cultura\/wp-json\/wp\/v2\/types\/post"}],"author":[{"embeddable":true,"href":"https:\/\/www.entrerios.gov.ar\/cultura\/wp-json\/wp\/v2\/users\/51"}],"replies":[{"embeddable":true,"href":"https:\/\/www.entrerios.gov.ar\/cultura\/wp-json\/wp\/v2\/comments?post=16570"}],"version-history":[{"count":4,"href":"https:\/\/www.entrerios.gov.ar\/cultura\/wp-json\/wp\/v2\/posts\/16570\/revisions"}],"predecessor-version":[{"id":16575,"href":"https:\/\/www.entrerios.gov.ar\/cultura\/wp-json\/wp\/v2\/posts\/16570\/revisions\/16575"}],"wp:featuredmedia":[{"embeddable":true,"href":"https:\/\/www.entrerios.gov.ar\/cultura\/wp-json\/wp\/v2\/media\/16573"}],"wp:attachment":[{"href":"https:\/\/www.entrerios.gov.ar\/cultura\/wp-json\/wp\/v2\/media?parent=16570"}],"wp:term":[{"taxonomy":"category","embeddable":true,"href":"https:\/\/www.entrerios.gov.ar\/cultura\/wp-json\/wp\/v2\/categories?post=16570"},{"taxonomy":"post_tag","embeddable":true,"href":"https:\/\/www.entrerios.gov.ar\/cultura\/wp-json\/wp\/v2\/tags?post=16570"}],"curies":[{"name":"wp","href":"https:\/\/api.w.org\/{rel}","templated":true}]}}