{"id":16587,"date":"2026-03-13T18:28:52","date_gmt":"2026-03-13T18:28:52","guid":{"rendered":"https:\/\/www.entrerios.gov.ar\/cultura\/?p=16587"},"modified":"2026-03-13T18:37:07","modified_gmt":"2026-03-13T18:37:07","slug":"cultura-de-la-provincia-presento-los-encuentros-entrerrianos-de-arte-y-sus-propuestas-itinerantes-para-este-ano","status":"publish","type":"post","link":"https:\/\/www.entrerios.gov.ar\/cultura\/cultura-de-la-provincia-presento-los-encuentros-entrerrianos-de-arte-y-sus-propuestas-itinerantes-para-este-ano\/","title":{"rendered":"Cultura de la provincia present\u00f3 los Encuentros Entrerrianos de Arte y sus propuestas itinerantes para este a\u00f1o"},"content":{"rendered":"\n<p>Fue este viernes en una nueva reuni\u00f3n del Consejo Provincial de Cultura. Participaron m\u00e1s de 50 funcionarios, gestores y trabajadores del sector, de distintas localidades._<\/p>\n\n\n\n<p>El ministro de Gobierno, Manuel Troncoso, estuvo presente y valor\u00f3 \u201cel trabajo conjunto para seguir construyendo una cultura entrerriana descentralizada, con identidad y acceso de la ciudadan\u00eda a los bienes culturales de la provincia\u201d. &nbsp;<\/p>\n\n\n\n<p>El secretario de Cultura de Entre R\u00edos, Juli\u00e1n Stoppello, brind\u00f3 detalles de los encuentros entrerrianos de arte que durante 2025 tuvieron la participaci\u00f3n de m\u00e1s de 250 artistas de la provincia. Este a\u00f1o, inform\u00f3, se realizar\u00e1n en Maci\u00e1 (Muralismo), La Paz (Artes Visuales), Gualeguay (Teatro), Gualeguaych\u00fa (M\u00fasica) y Paran\u00e1 (Danza). \u201cSon espacios de encuentro, capacitaci\u00f3n y construcci\u00f3n verdaderamente federal, organizados en conjunto con cada localidad que es sede\u201d, sostuvo.<\/p>\n\n\n\n<p><strong>Participaci\u00f3n <\/strong><\/p>\n\n\n\n<p>La directora de Cultura de Federaci\u00f3n, Claudia Quir\u00f3s, afirm\u00f3 que el Consejo Provincial, compuesto por las \u00e1reas de cultura de cada localidad entrerriana, \u201ces un espacio necesario para compartir propuestas y conocer la realidad de otros lugares de la provincia\u201d.<\/p>\n\n\n\n<p>La directora de Cultura de Victoria, Fabiana Manasalli, remarc\u00f3: \u201cHemos tenido siempre la grata respuesta desde la Secretar\u00eda de Cultura y consideramos muy importantes estas reuniones\u201d.<\/p>\n\n\n\n<p>El secretario de Cultura y Turismo de Comuna Laguna del Pescado, Marcelo Soccetti, concluy\u00f3: \u201cPara una localidad tan chica es una gran experiencia participar de este espacio\u201d.<\/p>\n\n\n\n<figure class=\"wp-block-image size-large\"><img loading=\"lazy\" decoding=\"async\" width=\"1024\" height=\"727\" src=\"https:\/\/www.entrerios.gov.ar\/cultura\/wp-content\/uploads\/2026\/03\/consejo-cultura-grupo-1024x727.jpg\" alt=\"\" class=\"wp-image-16594\" srcset=\"https:\/\/www.entrerios.gov.ar\/cultura\/wp-content\/uploads\/2026\/03\/consejo-cultura-grupo-980x696.jpg 980w, https:\/\/www.entrerios.gov.ar\/cultura\/wp-content\/uploads\/2026\/03\/consejo-cultura-grupo-480x341.jpg 480w\" sizes=\"auto, (min-width: 0px) and (max-width: 480px) 480px, (min-width: 481px) and (max-width: 980px) 980px, (min-width: 981px) 1024px, 100vw\" \/><\/figure>\n\n\n\n<p><strong>Sobre los Encuentros Entrerrianos de Arte<\/strong><\/p>\n\n\n\n<p>El objetivo es generar v\u00ednculos entre los artistas y la comunidad, promover en el territorio instancias de formaci\u00f3n y visibilizar la riqueza cultural de Entre R\u00edos. La propuesta forma parte de la pol\u00edtica del gobernador Rogelio Frigerio de federalizar la actividad cultural, promoviendo programas itinerantes en toda la provincia y consolidando a los Encuentros Entrerrianos como uno de los ejes centrales de esa estrategia. Proximamente se lanzar\u00e1n las correspondientes convocatorias. <\/p>\n","protected":false},"excerpt":{"rendered":"<p>Fue este viernes en una nueva reuni\u00f3n del Consejo Provincial de Cultura. Participaron m\u00e1s de 50 funcionarios, gestores y trabajadores del sector, de distintas localidades._ El ministro de Gobierno, Manuel Troncoso, estuvo presente y valor\u00f3 \u201cel trabajo conjunto para seguir construyendo una cultura entrerriana descentralizada, con identidad y acceso de la ciudadan\u00eda a los bienes [&hellip;]<\/p>\n","protected":false},"author":51,"featured_media":16589,"comment_status":"open","ping_status":"open","sticky":false,"template":"","format":"standard","meta":{"_et_pb_use_builder":"off","_et_pb_old_content":"","_et_gb_content_width":"","footnotes":""},"categories":[28,23],"tags":[],"class_list":["post-16587","post","type-post","status-publish","format-standard","has-post-thumbnail","hentry","category-noticias","category-consejo-provincial-de-cultura"],"_links":{"self":[{"href":"https:\/\/www.entrerios.gov.ar\/cultura\/wp-json\/wp\/v2\/posts\/16587","targetHints":{"allow":["GET"]}}],"collection":[{"href":"https:\/\/www.entrerios.gov.ar\/cultura\/wp-json\/wp\/v2\/posts"}],"about":[{"href":"https:\/\/www.entrerios.gov.ar\/cultura\/wp-json\/wp\/v2\/types\/post"}],"author":[{"embeddable":true,"href":"https:\/\/www.entrerios.gov.ar\/cultura\/wp-json\/wp\/v2\/users\/51"}],"replies":[{"embeddable":true,"href":"https:\/\/www.entrerios.gov.ar\/cultura\/wp-json\/wp\/v2\/comments?post=16587"}],"version-history":[{"count":5,"href":"https:\/\/www.entrerios.gov.ar\/cultura\/wp-json\/wp\/v2\/posts\/16587\/revisions"}],"predecessor-version":[{"id":16595,"href":"https:\/\/www.entrerios.gov.ar\/cultura\/wp-json\/wp\/v2\/posts\/16587\/revisions\/16595"}],"wp:featuredmedia":[{"embeddable":true,"href":"https:\/\/www.entrerios.gov.ar\/cultura\/wp-json\/wp\/v2\/media\/16589"}],"wp:attachment":[{"href":"https:\/\/www.entrerios.gov.ar\/cultura\/wp-json\/wp\/v2\/media?parent=16587"}],"wp:term":[{"taxonomy":"category","embeddable":true,"href":"https:\/\/www.entrerios.gov.ar\/cultura\/wp-json\/wp\/v2\/categories?post=16587"},{"taxonomy":"post_tag","embeddable":true,"href":"https:\/\/www.entrerios.gov.ar\/cultura\/wp-json\/wp\/v2\/tags?post=16587"}],"curies":[{"name":"wp","href":"https:\/\/api.w.org\/{rel}","templated":true}]}}