{"id":16596,"date":"2026-03-13T18:47:28","date_gmt":"2026-03-13T18:47:28","guid":{"rendered":"https:\/\/www.entrerios.gov.ar\/cultura\/?p=16596"},"modified":"2026-03-13T18:55:19","modified_gmt":"2026-03-13T18:55:19","slug":"el-museo-serrano-invita-a-conocer-su-reserva-tecnica","status":"publish","type":"post","link":"https:\/\/www.entrerios.gov.ar\/cultura\/el-museo-serrano-invita-a-conocer-su-reserva-tecnica\/","title":{"rendered":"El Museo Serrano invita a conocer su Reserva T\u00e9cnica\u00a0"},"content":{"rendered":"\n<p>Ser\u00e1 con una visita guiada especial este domingo 15, en dos turnos, a las 17 y 18hs, en su sede de calle Gardel 62, Paran\u00e1. Es con inscripci\u00f3n previa y cupos limitados, en el marco del 20\u00b0 aniversario de la Ley N\u00ba 9686 de Protecci\u00f3n del Patrimonio Arqueol\u00f3gico y Paleontol\u00f3gico de Entre R\u00edos. Con entrada libre y gratuita, invita la Secretar\u00eda de Cultura de la provincia. <\/p>\n\n\n\n<p>En la Reserva T\u00e9cnica del Museo es donde se resguarda gran parte de las colecciones patrimoniales que no se encuentran en exhibici\u00f3n. Durante la actividad, el equipo responsable del registro arqueol\u00f3gico y paleontol\u00f3gico de Entre R\u00edos, compartir\u00e1 con los visitantes c\u00f3mo se desarrollan las tareas de conservaci\u00f3n, registro e investigaci\u00f3n del patrimonio entrerriano en el marco de la ley.<\/p>\n\n\n\n<p>La jornada contar\u00e1 adem\u00e1s con la participaci\u00f3n como investigador invitado del arque\u00f3logo Alejandro Richard, quien dialogar\u00e1 con el p\u00fablico sobre el trabajo cient\u00edfico que realiza en la provincia a partir de la investigaci\u00f3n de las colecciones del museo.<\/p>\n\n\n\n<p><strong>Horarios e inscripci\u00f3n previa<\/strong><\/p>\n\n\n\n<p>La visita se realizar\u00e1 con cupos limitados, por tanto es necesario realizar inscripci\u00f3n previa comunic\u00e1ndose al tel\u00e9fono del museo (0343) 4208894 este s\u00e1bado de 9 a 13 y de 15 a 19, domingo de 10 a 13hs. La actividad es libre y gratuita<\/p>\n\n\n\n<p>Esta propuesta forma parte de una agenda de acciones que el Museo Serrano y la Secretar\u00eda de Cultura desarrollar\u00e1n durante el a\u00f1o para poner en valor el patrimonio arqueol\u00f3gico y paleontol\u00f3gico de la provincia y promover su protecci\u00f3n.<\/p>\n","protected":false},"excerpt":{"rendered":"<p>Ser\u00e1 con una visita guiada especial este domingo 15, en dos turnos, a las 17 y 18hs, en su sede de calle Gardel 62, Paran\u00e1. Es con inscripci\u00f3n previa y cupos limitados, en el marco del 20\u00b0 aniversario de la Ley N\u00ba 9686 de Protecci\u00f3n del Patrimonio Arqueol\u00f3gico y Paleontol\u00f3gico de Entre R\u00edos. Con entrada [&hellip;]<\/p>\n","protected":false},"author":51,"featured_media":16600,"comment_status":"open","ping_status":"open","sticky":false,"template":"","format":"standard","meta":{"_et_pb_use_builder":"off","_et_pb_old_content":"","_et_gb_content_width":"","footnotes":""},"categories":[28,8],"tags":[],"class_list":["post-16596","post","type-post","status-publish","format-standard","has-post-thumbnail","hentry","category-noticias","category-museo-ciencias-naturales"],"_links":{"self":[{"href":"https:\/\/www.entrerios.gov.ar\/cultura\/wp-json\/wp\/v2\/posts\/16596","targetHints":{"allow":["GET"]}}],"collection":[{"href":"https:\/\/www.entrerios.gov.ar\/cultura\/wp-json\/wp\/v2\/posts"}],"about":[{"href":"https:\/\/www.entrerios.gov.ar\/cultura\/wp-json\/wp\/v2\/types\/post"}],"author":[{"embeddable":true,"href":"https:\/\/www.entrerios.gov.ar\/cultura\/wp-json\/wp\/v2\/users\/51"}],"replies":[{"embeddable":true,"href":"https:\/\/www.entrerios.gov.ar\/cultura\/wp-json\/wp\/v2\/comments?post=16596"}],"version-history":[{"count":3,"href":"https:\/\/www.entrerios.gov.ar\/cultura\/wp-json\/wp\/v2\/posts\/16596\/revisions"}],"predecessor-version":[{"id":16602,"href":"https:\/\/www.entrerios.gov.ar\/cultura\/wp-json\/wp\/v2\/posts\/16596\/revisions\/16602"}],"wp:featuredmedia":[{"embeddable":true,"href":"https:\/\/www.entrerios.gov.ar\/cultura\/wp-json\/wp\/v2\/media\/16600"}],"wp:attachment":[{"href":"https:\/\/www.entrerios.gov.ar\/cultura\/wp-json\/wp\/v2\/media?parent=16596"}],"wp:term":[{"taxonomy":"category","embeddable":true,"href":"https:\/\/www.entrerios.gov.ar\/cultura\/wp-json\/wp\/v2\/categories?post=16596"},{"taxonomy":"post_tag","embeddable":true,"href":"https:\/\/www.entrerios.gov.ar\/cultura\/wp-json\/wp\/v2\/tags?post=16596"}],"curies":[{"name":"wp","href":"https:\/\/api.w.org\/{rel}","templated":true}]}}