{"id":16604,"date":"2026-03-14T15:14:00","date_gmt":"2026-03-14T15:14:00","guid":{"rendered":"https:\/\/www.entrerios.gov.ar\/cultura\/?p=16604"},"modified":"2026-03-16T13:36:30","modified_gmt":"2026-03-16T13:36:30","slug":"se-proyectaran-peliculas-de-cineastas-argentinas-en-las-facultades-de-uader","status":"publish","type":"post","link":"https:\/\/www.entrerios.gov.ar\/cultura\/se-proyectaran-peliculas-de-cineastas-argentinas-en-las-facultades-de-uader\/","title":{"rendered":"Se proyectar\u00e1n pel\u00edculas de cineastas argentinas en las facultades de UADER"},"content":{"rendered":"\n<p>Es en el marco de la propuesta conmemorativa Mujer, Memoria, Malvinas, y en articulaci\u00f3n con el Instituto Aut\u00e1rquico Audiovisual (IAAER), organismo de la Secretar\u00eda de Cultura de Entre R\u00edos. Las jornadas se realizar\u00e1n entre este lunes 16 y el 30 de marzo. El ciclo ser\u00e1 en distintas unidades acad\u00e9micas de Paran\u00e1 y Oro Verde.<\/p>\n\n\n\n<p>El acceso a estas jornadas de cine es exclusivo para la comunidad de UADER (estudiantes, docentes, personal administrativo), con car\u00e1cter gratuito.<\/p>\n\n\n\n<p>La actividad pondr\u00e1 el acento en la conmemoraci\u00f3n del D\u00eda Internacional de la Mujer, con pel\u00edculas realizadas por mujeres cineastas argentinas, las cuales formaron parte de la programaci\u00f3n de las \u00faltimas ediciones del Festival Internacional de Cine de Entre R\u00edos (FICER).<\/p>\n\n\n\n<p>El prop\u00f3sito es entrelazar tres fechas importantes vinculadas a la defensa y promoci\u00f3n de los derechos humanos: D\u00eda Internacional de la Mujer (8 de marzo), D\u00eda Nacional de la Memoria por la Verdad y la Justicia (24 de marzo) y D\u00eda del Veterano y los Ca\u00eddos en la Guerra de Malvinas (2 de abril).<\/p>\n\n\n\n<p><strong>Agenda de proyecciones<\/strong><\/p>\n\n\n\n<p>Lunes 16 a las 10: La noche sin m\u00ed, (Laura Berch-Laura Chiabrando), en la Facultad de Ciencia y Tecnolog\u00eda. Aula Magna de la Sede Oro Verde (Ruta 11 Km. 10,5).<\/p>\n\n\n\n<p>Jueves 19 a las 17: Todas las fuerzas, (Luciana Piantanida), en la Facultad de Humanidades, Artes y Ciencias Sociales &#8211; Aula de la Memoria de la Escuela Normal de Paran\u00e1 (Urquiza y Corrientes).<\/p>\n\n\n\n<p>Jueves 26 a las 9: \u00c1lbum de familia, (Laura Casab\u00e9), en la Facultad de Ciencias de la Gesti\u00f3n. Aulas 2 y 3 del Sector FCG del Campus de Paran\u00e1 (El Paracao 990).<\/p>\n\n\n\n<p>Lunes 30 a las 10: Amor trava, (Lucrecia Mastr\u00e1ngelo), en la Facultad de Ciencias de la Vida y la Salud, Aula 1E del Sector FCVyS del Campus de Paran\u00e1 (Espejo y Fader).<\/p>\n","protected":false},"excerpt":{"rendered":"<p>Es en el marco de la propuesta conmemorativa Mujer, Memoria, Malvinas, y en articulaci\u00f3n con el Instituto Aut\u00e1rquico Audiovisual (IAAER), organismo de la Secretar\u00eda de Cultura de Entre R\u00edos. Las jornadas se realizar\u00e1n entre este lunes 16 y el 30 de marzo. El ciclo ser\u00e1 en distintas unidades acad\u00e9micas de Paran\u00e1 y Oro Verde. El [&hellip;]<\/p>\n","protected":false},"author":49,"featured_media":16606,"comment_status":"open","ping_status":"open","sticky":false,"template":"","format":"standard","meta":{"_et_pb_use_builder":"off","_et_pb_old_content":"","_et_gb_content_width":"","footnotes":""},"categories":[28,4],"tags":[],"class_list":["post-16604","post","type-post","status-publish","format-standard","has-post-thumbnail","hentry","category-noticias","category-iaaer"],"_links":{"self":[{"href":"https:\/\/www.entrerios.gov.ar\/cultura\/wp-json\/wp\/v2\/posts\/16604","targetHints":{"allow":["GET"]}}],"collection":[{"href":"https:\/\/www.entrerios.gov.ar\/cultura\/wp-json\/wp\/v2\/posts"}],"about":[{"href":"https:\/\/www.entrerios.gov.ar\/cultura\/wp-json\/wp\/v2\/types\/post"}],"author":[{"embeddable":true,"href":"https:\/\/www.entrerios.gov.ar\/cultura\/wp-json\/wp\/v2\/users\/49"}],"replies":[{"embeddable":true,"href":"https:\/\/www.entrerios.gov.ar\/cultura\/wp-json\/wp\/v2\/comments?post=16604"}],"version-history":[{"count":3,"href":"https:\/\/www.entrerios.gov.ar\/cultura\/wp-json\/wp\/v2\/posts\/16604\/revisions"}],"predecessor-version":[{"id":16617,"href":"https:\/\/www.entrerios.gov.ar\/cultura\/wp-json\/wp\/v2\/posts\/16604\/revisions\/16617"}],"wp:featuredmedia":[{"embeddable":true,"href":"https:\/\/www.entrerios.gov.ar\/cultura\/wp-json\/wp\/v2\/media\/16606"}],"wp:attachment":[{"href":"https:\/\/www.entrerios.gov.ar\/cultura\/wp-json\/wp\/v2\/media?parent=16604"}],"wp:term":[{"taxonomy":"category","embeddable":true,"href":"https:\/\/www.entrerios.gov.ar\/cultura\/wp-json\/wp\/v2\/categories?post=16604"},{"taxonomy":"post_tag","embeddable":true,"href":"https:\/\/www.entrerios.gov.ar\/cultura\/wp-json\/wp\/v2\/tags?post=16604"}],"curies":[{"name":"wp","href":"https:\/\/api.w.org\/{rel}","templated":true}]}}