{"id":16623,"date":"2026-03-16T16:35:32","date_gmt":"2026-03-16T16:35:32","guid":{"rendered":"https:\/\/www.entrerios.gov.ar\/cultura\/?p=16623"},"modified":"2026-03-16T16:35:34","modified_gmt":"2026-03-16T16:35:34","slug":"mas-de-400-personas-disfrutaron-de-la-sinfonica-de-entre-rios-en-la-vieja-usina","status":"publish","type":"post","link":"https:\/\/www.entrerios.gov.ar\/cultura\/mas-de-400-personas-disfrutaron-de-la-sinfonica-de-entre-rios-en-la-vieja-usina\/","title":{"rendered":"M\u00e1s de 400 personas disfrutaron de la Sinf\u00f3nica de Entre R\u00edos en La Vieja Usina"},"content":{"rendered":"\n<p>Bajo la direcci\u00f3n art\u00edstica de Luis Gorelik, participaron la maestra invitada Yeny Delgado, la pianista paranaense Lucrecia Mauro y el concertino Ra\u00fal Vallejos. Con entrada libre y gratuita, organiz\u00f3 la Secretar\u00eda de Cultura de Entre R\u00edos.&nbsp;<\/p>\n\n\n\n<p>El programa inici\u00f3 con el Concierto para<em> <\/em>Viol\u00edn, Piano y Cuerdas de F\u00e9lix<strong> <\/strong>Mendelssohn, obra compuesta a sus 14 a\u00f1os que permaneci\u00f3 in\u00e9dita durante su vida. En la segunda parte, se interpret\u00f3 la Sinfon\u00eda No. 3 Op. 90 de Johannes Brahms, pieza de 1883 escrita sesenta a\u00f1os despu\u00e9s de la obra de apertura.<\/p>\n\n\n\n<p><strong>Protagonistas de la noche<\/strong><\/p>\n\n\n\n<p>La directora Yeny Delgado destac\u00f3 que la Orquesta, organismo dependiente de la Secretar\u00eda de Cultura de Entre R\u00edos, \u201ctiene una excelente formaci\u00f3n de alto nivel y hace que el trabajo musical sea muy fluido\u201d. Respecto al repertorio de Mendelssohn y Brahms, la maestra se\u00f1al\u00f3 que se trata de un programa \u00abmuy exigente\u00bb y describi\u00f3 el concierto para piano y viol\u00edn como \u201cuna joya musical\u201d.<\/p>\n\n\n\n<p><\/p>\n\n\n\n<figure class=\"wp-block-image size-large\"><img loading=\"lazy\" decoding=\"async\" width=\"1024\" height=\"683\" src=\"https:\/\/www.entrerios.gov.ar\/cultura\/wp-content\/uploads\/2026\/03\/image-34-1024x683.jpeg\" alt=\"\" class=\"wp-image-16627\" srcset=\"https:\/\/www.entrerios.gov.ar\/cultura\/wp-content\/uploads\/2026\/03\/image-34-980x653.jpeg 980w, https:\/\/www.entrerios.gov.ar\/cultura\/wp-content\/uploads\/2026\/03\/image-34-480x320.jpeg 480w\" sizes=\"auto, (min-width: 0px) and (max-width: 480px) 480px, (min-width: 481px) and (max-width: 980px) 980px, (min-width: 981px) 1024px, 100vw\" \/><\/figure>\n\n\n\n<p><\/p>\n\n\n\n<p>La solista Lucrecia Mauro valor\u00f3 la naturaleza de la obra de Mendelssohn, describi\u00e9ndola como un concierto con \u201cmucho de m\u00fasica de c\u00e1mara\u201d que demanda una interacci\u00f3n constante con la Orquesta. Respecto a su v\u00ednculo con el organismo, manifest\u00f3 que fue \u201cun placer, realmente suena fabuloso\u201d.&nbsp;<\/p>\n\n\n\n<p><\/p>\n\n\n\n<figure class=\"wp-block-image size-large\"><img loading=\"lazy\" decoding=\"async\" width=\"1024\" height=\"683\" src=\"https:\/\/www.entrerios.gov.ar\/cultura\/wp-content\/uploads\/2026\/03\/image-36-1024x683.jpeg\" alt=\"\" class=\"wp-image-16629\" srcset=\"https:\/\/www.entrerios.gov.ar\/cultura\/wp-content\/uploads\/2026\/03\/image-36-980x653.jpeg 980w, https:\/\/www.entrerios.gov.ar\/cultura\/wp-content\/uploads\/2026\/03\/image-36-480x320.jpeg 480w\" sizes=\"auto, (min-width: 0px) and (max-width: 480px) 480px, (min-width: 481px) and (max-width: 980px) 980px, (min-width: 981px) 1024px, 100vw\" \/><\/figure>\n\n\n\n<p><\/p>\n\n\n\n<p>Finalmente, el concertino Ra\u00fal Vallejos agradeci\u00f3 la invitaci\u00f3n del Maestro Gorelik y subray\u00f3 que estas funciones representan una &#8220;gran oportunidad para los m\u00fasicos concertistas de la regi\u00f3n&#8221;.<\/p>\n\n\n\n<p><\/p>\n\n\n\n<figure class=\"wp-block-image size-large\"><img loading=\"lazy\" decoding=\"async\" width=\"1024\" height=\"683\" src=\"https:\/\/www.entrerios.gov.ar\/cultura\/wp-content\/uploads\/2026\/03\/image-35-1024x683.jpeg\" alt=\"\" class=\"wp-image-16628\" srcset=\"https:\/\/www.entrerios.gov.ar\/cultura\/wp-content\/uploads\/2026\/03\/image-35-980x653.jpeg 980w, https:\/\/www.entrerios.gov.ar\/cultura\/wp-content\/uploads\/2026\/03\/image-35-480x320.jpeg 480w\" sizes=\"auto, (min-width: 0px) and (max-width: 480px) 480px, (min-width: 481px) and (max-width: 980px) 980px, (min-width: 981px) 1024px, 100vw\" \/><\/figure>\n\n\n\n<p><\/p>\n\n\n\n<p><strong>Pr\u00f3ximo concierto: Cl\u00e1sicos del sinfonismo cinematogr\u00e1fico<\/strong><\/p>\n\n\n\n<p>La Sinf\u00f3nica de Entre R\u00edos presentar\u00e1 un concierto especial el s\u00e1bado 11 de abril a las 20 en el Centro Provincial de Convenciones (CPC). El programa estar\u00e1 dedicado a cuatro de las partituras m\u00e1s c\u00e9lebres del cine de las d\u00e9cadas del 40, 50 y 60, e incluir\u00e1 la Obertura de El Halc\u00f3n de los Mares de Erich Korngold, junto a las suites sinf\u00f3nicas de Ben-Hur de Miklos Rozsa, Psicosis de Bernard Herrmann y El Gatopardo de Nino Rota.<\/p>\n","protected":false},"excerpt":{"rendered":"<p>Bajo la direcci\u00f3n art\u00edstica de Luis Gorelik, participaron la maestra invitada Yeny Delgado, la pianista paranaense Lucrecia Mauro y el concertino Ra\u00fal Vallejos. Con entrada libre y gratuita, organiz\u00f3 la Secretar\u00eda de Cultura de Entre R\u00edos.&nbsp; El programa inici\u00f3 con el Concierto para Viol\u00edn, Piano y Cuerdas de F\u00e9lix Mendelssohn, obra compuesta a sus 14 [&hellip;]<\/p>\n","protected":false},"author":49,"featured_media":16630,"comment_status":"open","ping_status":"open","sticky":false,"template":"","format":"standard","meta":{"_et_pb_use_builder":"off","_et_pb_old_content":"","_et_gb_content_width":"","footnotes":""},"categories":[28,17],"tags":[],"class_list":["post-16623","post","type-post","status-publish","format-standard","has-post-thumbnail","hentry","category-noticias","category-orquesta-sinfonica"],"_links":{"self":[{"href":"https:\/\/www.entrerios.gov.ar\/cultura\/wp-json\/wp\/v2\/posts\/16623","targetHints":{"allow":["GET"]}}],"collection":[{"href":"https:\/\/www.entrerios.gov.ar\/cultura\/wp-json\/wp\/v2\/posts"}],"about":[{"href":"https:\/\/www.entrerios.gov.ar\/cultura\/wp-json\/wp\/v2\/types\/post"}],"author":[{"embeddable":true,"href":"https:\/\/www.entrerios.gov.ar\/cultura\/wp-json\/wp\/v2\/users\/49"}],"replies":[{"embeddable":true,"href":"https:\/\/www.entrerios.gov.ar\/cultura\/wp-json\/wp\/v2\/comments?post=16623"}],"version-history":[{"count":1,"href":"https:\/\/www.entrerios.gov.ar\/cultura\/wp-json\/wp\/v2\/posts\/16623\/revisions"}],"predecessor-version":[{"id":16631,"href":"https:\/\/www.entrerios.gov.ar\/cultura\/wp-json\/wp\/v2\/posts\/16623\/revisions\/16631"}],"wp:featuredmedia":[{"embeddable":true,"href":"https:\/\/www.entrerios.gov.ar\/cultura\/wp-json\/wp\/v2\/media\/16630"}],"wp:attachment":[{"href":"https:\/\/www.entrerios.gov.ar\/cultura\/wp-json\/wp\/v2\/media?parent=16623"}],"wp:term":[{"taxonomy":"category","embeddable":true,"href":"https:\/\/www.entrerios.gov.ar\/cultura\/wp-json\/wp\/v2\/categories?post=16623"},{"taxonomy":"post_tag","embeddable":true,"href":"https:\/\/www.entrerios.gov.ar\/cultura\/wp-json\/wp\/v2\/tags?post=16623"}],"curies":[{"name":"wp","href":"https:\/\/api.w.org\/{rel}","templated":true}]}}