{"id":16650,"date":"2026-03-17T15:21:31","date_gmt":"2026-03-17T15:21:31","guid":{"rendered":"https:\/\/www.entrerios.gov.ar\/cultura\/?p=16650"},"modified":"2026-03-17T15:21:34","modified_gmt":"2026-03-17T15:21:34","slug":"invitan-a-celebrar-el-dia-internacional-del-artesano-y-la-artesana","status":"publish","type":"post","link":"https:\/\/www.entrerios.gov.ar\/cultura\/invitan-a-celebrar-el-dia-internacional-del-artesano-y-la-artesana\/","title":{"rendered":"Invitan a celebrar el D\u00eda Internacional del Artesano y la Artesana\u00a0"},"content":{"rendered":"\n<p>Ser\u00e1 este jueves 19 de marzo en el Museo y Mercado Provincial de Artesan\u00edas (Urquiza 1239, Paran\u00e1), organismo de la Secretar\u00eda de Cultura de Entre R\u00edos. Habr\u00e1 demostraciones en vivo y visitas guiadas para escuelas, de 10.30 a 19hs. Entrada libre y gratuita.<\/p>\n\n\n\n<p>La actividad contar\u00e1 con la participaci\u00f3n del maestro artesano Rafael Varisco, distinguido con el tercer premio en el Patio de Tallistas de la Fiesta Nacional de la Artesan\u00eda, quien realizar\u00e1 demostraciones en vivo de su trabajo y una mesa pr\u00e1ctica destinada a estudiantes y visitantes.<\/p>\n\n\n\n<p>Adem\u00e1s, la profesora de Artes Visuales y Artesana Ceramista, Silvina \u00c1brego, coordinar\u00e1 visitas guiadas para delegaciones escolares, con el objetivo de acercar a los estudiantes al valor cultural y productivo de la artesan\u00eda entrerriana.<\/p>\n\n\n\n<p>La jornada busca promover el encuentro entre artesanos, estudiantes y la comunidad, revalorizando los oficios tradicionales y el patrimonio cultural de la provincia.<\/p>\n\n\n\n<p>Por consultas o m\u00e1s informaci\u00f3n comunicarse al 343-4208891.&nbsp;<\/p>\n","protected":false},"excerpt":{"rendered":"<p>Ser\u00e1 este jueves 19 de marzo en el Museo y Mercado Provincial de Artesan\u00edas (Urquiza 1239, Paran\u00e1), organismo de la Secretar\u00eda de Cultura de Entre R\u00edos. Habr\u00e1 demostraciones en vivo y visitas guiadas para escuelas, de 10.30 a 19hs. Entrada libre y gratuita. La actividad contar\u00e1 con la participaci\u00f3n del maestro artesano Rafael Varisco, distinguido [&hellip;]<\/p>\n","protected":false},"author":49,"featured_media":16652,"comment_status":"open","ping_status":"open","sticky":false,"template":"","format":"standard","meta":{"_et_pb_use_builder":"off","_et_pb_old_content":"","_et_gb_content_width":"","footnotes":""},"categories":[28,16],"tags":[],"class_list":["post-16650","post","type-post","status-publish","format-standard","has-post-thumbnail","hentry","category-noticias","category-museo-y-mercado-de-artesanias"],"_links":{"self":[{"href":"https:\/\/www.entrerios.gov.ar\/cultura\/wp-json\/wp\/v2\/posts\/16650","targetHints":{"allow":["GET"]}}],"collection":[{"href":"https:\/\/www.entrerios.gov.ar\/cultura\/wp-json\/wp\/v2\/posts"}],"about":[{"href":"https:\/\/www.entrerios.gov.ar\/cultura\/wp-json\/wp\/v2\/types\/post"}],"author":[{"embeddable":true,"href":"https:\/\/www.entrerios.gov.ar\/cultura\/wp-json\/wp\/v2\/users\/49"}],"replies":[{"embeddable":true,"href":"https:\/\/www.entrerios.gov.ar\/cultura\/wp-json\/wp\/v2\/comments?post=16650"}],"version-history":[{"count":1,"href":"https:\/\/www.entrerios.gov.ar\/cultura\/wp-json\/wp\/v2\/posts\/16650\/revisions"}],"predecessor-version":[{"id":16653,"href":"https:\/\/www.entrerios.gov.ar\/cultura\/wp-json\/wp\/v2\/posts\/16650\/revisions\/16653"}],"wp:featuredmedia":[{"embeddable":true,"href":"https:\/\/www.entrerios.gov.ar\/cultura\/wp-json\/wp\/v2\/media\/16652"}],"wp:attachment":[{"href":"https:\/\/www.entrerios.gov.ar\/cultura\/wp-json\/wp\/v2\/media?parent=16650"}],"wp:term":[{"taxonomy":"category","embeddable":true,"href":"https:\/\/www.entrerios.gov.ar\/cultura\/wp-json\/wp\/v2\/categories?post=16650"},{"taxonomy":"post_tag","embeddable":true,"href":"https:\/\/www.entrerios.gov.ar\/cultura\/wp-json\/wp\/v2\/tags?post=16650"}],"curies":[{"name":"wp","href":"https:\/\/api.w.org\/{rel}","templated":true}]}}