{"id":16954,"date":"2026-04-27T16:17:30","date_gmt":"2026-04-27T16:17:30","guid":{"rendered":"https:\/\/www.entrerios.gov.ar\/cultura\/?p=16954"},"modified":"2026-04-27T16:17:32","modified_gmt":"2026-04-27T16:17:32","slug":"musica-se-conocieron-los-proyectos-seleccionados-para-el-ciclo-de-grabaciones-casa-estudio","status":"publish","type":"post","link":"https:\/\/www.entrerios.gov.ar\/cultura\/musica-se-conocieron-los-proyectos-seleccionados-para-el-ciclo-de-grabaciones-casa-estudio\/","title":{"rendered":"M\u00fasica: Se conocieron los proyectos seleccionados para el ciclo de grabaciones Casa Estudio\u00a0"},"content":{"rendered":"\n<p>La Secretar\u00eda de Cultura de Entre R\u00edos impulsa esta convocatoria provincial para proyectos musicales de autor, bandas o solistas. Los seleccionados grabar\u00e1n tres temas originales en la Casa de la Cultura de Entre R\u00edos, uno de ellos acompa\u00f1ado de un registro audiovisual.<\/p>\n\n\n\n<p>Los seleccionados son:&nbsp;&nbsp;<\/p>\n\n\n\n<p>Los Apolo (Paran\u00e1), T\u00e9 de hierbas (Villaguay), The curse of Sahara (Paran\u00e1), Rojo Fantas\u00eda (Santa Elena), Nada Normal (Paran\u00e1), Guillermo Alarc\u00f3n (San Benito), Medusa (Cerrito\/Paran\u00e1), D\u00fao \u00d1ancay (Gualeguaych\u00fa), Soraya Yacob (Villa Ana\/Paran\u00e1), Un d\u00eda m\u00e1s (Concepci\u00f3n del Uruguay), H\u00edbridos (Paran\u00e1), Insistentes (Paran\u00e1), T\u00fanel (Paran\u00e1), Wanda Gaioli (Paran\u00e1) y Pucha (Paran\u00e1).<\/p>\n\n\n\n<p>Casa Estudio es una convocatoria dirigida a j\u00f3venes autores de hasta 30 a\u00f1os de toda la provincia que tengan proyectos con m\u00fasica de autor, sean solistas o bandas (en este caso la edad promedio de los integrantes no debe superar los 30 a\u00f1os), de cualquier g\u00e9nero y formato. El objetivo es abrir escenarios para nuevos autores y dar espacio a nuevas voces del cancionero emergente provincial.&nbsp;<\/p>\n","protected":false},"excerpt":{"rendered":"<p>La Secretar\u00eda de Cultura de Entre R\u00edos impulsa esta convocatoria provincial para proyectos musicales de autor, bandas o solistas. Los seleccionados grabar\u00e1n tres temas originales en la Casa de la Cultura de Entre R\u00edos, uno de ellos acompa\u00f1ado de un registro audiovisual. Los seleccionados son:&nbsp;&nbsp; Los Apolo (Paran\u00e1), T\u00e9 de hierbas (Villaguay), The curse of [&hellip;]<\/p>\n","protected":false},"author":49,"featured_media":16956,"comment_status":"open","ping_status":"open","sticky":false,"template":"","format":"standard","meta":{"_et_pb_use_builder":"off","_et_pb_old_content":"","_et_gb_content_width":"","footnotes":""},"categories":[28,19,58],"tags":[],"class_list":["post-16954","post","type-post","status-publish","format-standard","has-post-thumbnail","hentry","category-noticias","category-casa-de-la-cultura-de-er","category-concursos-cerrados"],"_links":{"self":[{"href":"https:\/\/www.entrerios.gov.ar\/cultura\/wp-json\/wp\/v2\/posts\/16954","targetHints":{"allow":["GET"]}}],"collection":[{"href":"https:\/\/www.entrerios.gov.ar\/cultura\/wp-json\/wp\/v2\/posts"}],"about":[{"href":"https:\/\/www.entrerios.gov.ar\/cultura\/wp-json\/wp\/v2\/types\/post"}],"author":[{"embeddable":true,"href":"https:\/\/www.entrerios.gov.ar\/cultura\/wp-json\/wp\/v2\/users\/49"}],"replies":[{"embeddable":true,"href":"https:\/\/www.entrerios.gov.ar\/cultura\/wp-json\/wp\/v2\/comments?post=16954"}],"version-history":[{"count":1,"href":"https:\/\/www.entrerios.gov.ar\/cultura\/wp-json\/wp\/v2\/posts\/16954\/revisions"}],"predecessor-version":[{"id":16957,"href":"https:\/\/www.entrerios.gov.ar\/cultura\/wp-json\/wp\/v2\/posts\/16954\/revisions\/16957"}],"wp:featuredmedia":[{"embeddable":true,"href":"https:\/\/www.entrerios.gov.ar\/cultura\/wp-json\/wp\/v2\/media\/16956"}],"wp:attachment":[{"href":"https:\/\/www.entrerios.gov.ar\/cultura\/wp-json\/wp\/v2\/media?parent=16954"}],"wp:term":[{"taxonomy":"category","embeddable":true,"href":"https:\/\/www.entrerios.gov.ar\/cultura\/wp-json\/wp\/v2\/categories?post=16954"},{"taxonomy":"post_tag","embeddable":true,"href":"https:\/\/www.entrerios.gov.ar\/cultura\/wp-json\/wp\/v2\/tags?post=16954"}],"curies":[{"name":"wp","href":"https:\/\/api.w.org\/{rel}","templated":true}]}}