{"id":16958,"date":"2026-04-27T16:41:11","date_gmt":"2026-04-27T16:41:11","guid":{"rendered":"https:\/\/www.entrerios.gov.ar\/cultura\/?p=16958"},"modified":"2026-04-27T16:41:14","modified_gmt":"2026-04-27T16:41:14","slug":"la-sinfonica-de-entre-rios-se-presento-ante-mas-de-700-personas-en-el-juan-l-ortiz","status":"publish","type":"post","link":"https:\/\/www.entrerios.gov.ar\/cultura\/la-sinfonica-de-entre-rios-se-presento-ante-mas-de-700-personas-en-el-juan-l-ortiz\/","title":{"rendered":"La Sinf\u00f3nica de Entre R\u00edos se present\u00f3 ante m\u00e1s de 700 personas en el Juan L. Ortiz"},"content":{"rendered":"\n<p>Fue este s\u00e1bado bajo la direcci\u00f3n art\u00edstica de Luis Gorelik y con la participaci\u00f3n del maestro invitado Alex Amsel, donde se interpret\u00f3 m\u00fasica de Beethoven en el renovado Centro Cultural. Organizaron la Secretar\u00eda de Cultura provincial y la Municipalidad de Paran\u00e1.<\/p>\n\n\n\n<p><\/p>\n\n\n\n<p>El evento inici\u00f3 a las 20 con m\u00e1s de 70 m\u00fasicos en escena para interpretar la Obertura La Gran Pascua Rusa, de N. Rimsky-Korsakov.<\/p>\n\n\n\n<p><\/p>\n\n\n\n<figure class=\"wp-block-image size-large\"><img loading=\"lazy\" decoding=\"async\" width=\"1024\" height=\"683\" src=\"https:\/\/www.entrerios.gov.ar\/cultura\/wp-content\/uploads\/2026\/04\/image-50-1024x683.jpeg\" alt=\"\" class=\"wp-image-16961\" srcset=\"https:\/\/www.entrerios.gov.ar\/cultura\/wp-content\/uploads\/2026\/04\/image-50-980x653.jpeg 980w, https:\/\/www.entrerios.gov.ar\/cultura\/wp-content\/uploads\/2026\/04\/image-50-480x320.jpeg 480w\" sizes=\"auto, (min-width: 0px) and (max-width: 480px) 480px, (min-width: 481px) and (max-width: 980px) 980px, (min-width: 981px) 1024px, 100vw\" \/><\/figure>\n\n\n\n<p><\/p>\n\n\n\n<p>El director invitado present\u00f3 el programa y comparti\u00f3 su emoci\u00f3n: \u201cEste concierto para m\u00ed es muy sentimental. Nac\u00ed en Buenos Aires y me fui a Estados Unidos a los 10 a\u00f1os, hice mi carrera all\u00e1 y estoy debutando en Argentina; es mi primer concierto volviendo a esta hermosa Patria\u201d, sostuvo.<\/p>\n\n\n\n<p>Tras el aplauso del p\u00fablico, Amsel explic\u00f3 que Rimsky-Korsakov compuso la obra bas\u00e1ndose en el canto lit\u00fargico de la Iglesia ortodoxa: \u201cDecidi\u00f3 honrar este estilo no s\u00f3lo del lado sagrado, sino del lado pagano tambi\u00e9n. Empieza como un canto un\u00edsono muy oscuro, pero para honrar ambos lados aparece una gran danza como el carnaval de los rusos\u201d.<\/p>\n\n\n\n<p><\/p>\n\n\n\n<figure class=\"wp-block-image size-large\"><img loading=\"lazy\" decoding=\"async\" width=\"1024\" height=\"683\" src=\"https:\/\/www.entrerios.gov.ar\/cultura\/wp-content\/uploads\/2026\/04\/image-49-1024x683.jpeg\" alt=\"\" class=\"wp-image-16960\" srcset=\"https:\/\/www.entrerios.gov.ar\/cultura\/wp-content\/uploads\/2026\/04\/image-49-980x653.jpeg 980w, https:\/\/www.entrerios.gov.ar\/cultura\/wp-content\/uploads\/2026\/04\/image-49-480x320.jpeg 480w\" sizes=\"auto, (min-width: 0px) and (max-width: 480px) 480px, (min-width: 481px) and (max-width: 980px) 980px, (min-width: 981px) 1024px, 100vw\" \/><\/figure>\n\n\n\n<p><\/p>\n\n\n\n<p>Luego de un breve intervalo, el programa continu\u00f3 con la Sinfon\u00eda No. 6 \u201cPastoral\u201d, de Ludwig van Beethoven. Sobre esta obra, Alex le dijo al p\u00fablico: \u201cEsta sinfon\u00eda se vuelve muy \u00edntima; Beethoven estaba ya casi completamente sordo y disfrutaba de la vida alej\u00e1ndose de la ciudad, se iba fuera de Viena a los pueblitos y las monta\u00f1as para conectarse con la naturaleza y consigo mismo. En esta pieza trata de capturar los recuerdos de las sensaciones que la naturaleza le trae; es una pieza que no mira hacia el pasado sino hacia el futuro\u201d.<\/p>\n\n\n\n<p>Finalmente, el director se\u00f1al\u00f3 que la obra refleja un ciclo de la vida, desde la contemplaci\u00f3n y la danza de los pueblitos hasta la tormenta y el amanecer: \u201cEs la primera vez que lo vemos no con triunfo, sino con agradecimiento porque sale el sol otra vez y podemos buscar m\u00e1s vida, m\u00e1s conexi\u00f3n. Gracias por venir, nos vemos pronto\u201d.<\/p>\n\n\n\n<p>Sobre la relevancia de esta presentaci\u00f3n, la intendenta Rosario Romero manifest\u00f3: &#8220;La Sinf\u00f3nica nos sorprende siempre por su integraci\u00f3n, su repertorio, y hoy con un director invitado como Alex Amsel. Contentos, adem\u00e1s, con la cantidad de gente que vino a disfrutar de la m\u00fasica en este espacio renovado, que nada tiene que envidiarle a grandes escenarios del mundo&#8221;.<\/p>\n\n\n\n<p><\/p>\n\n\n\n<figure class=\"wp-block-image size-large\"><img loading=\"lazy\" decoding=\"async\" width=\"1024\" height=\"683\" src=\"https:\/\/www.entrerios.gov.ar\/cultura\/wp-content\/uploads\/2026\/04\/image-51-1024x683.jpeg\" alt=\"\" class=\"wp-image-16962\" srcset=\"https:\/\/www.entrerios.gov.ar\/cultura\/wp-content\/uploads\/2026\/04\/image-51-980x653.jpeg 980w, https:\/\/www.entrerios.gov.ar\/cultura\/wp-content\/uploads\/2026\/04\/image-51-480x320.jpeg 480w\" sizes=\"auto, (min-width: 0px) and (max-width: 480px) 480px, (min-width: 481px) and (max-width: 980px) 980px, (min-width: 981px) 1024px, 100vw\" \/><\/figure>\n\n\n\n<p><\/p>\n\n\n\n<p><strong>Pr\u00f3ximo concierto<\/strong><\/p>\n\n\n\n<p>El pr\u00f3ximo concierto de la Orquesta Sinf\u00f3nica de Entre R\u00edos se realizar\u00e1 el s\u00e1bado 9 de mayo a las 20 en el Centro Provincial de Convenciones (San Mart\u00edn 15, Paran\u00e1). Bajo la direcci\u00f3n art\u00edstica de Luis Gorelik y con la participaci\u00f3n del director invitado Rafael Delekta, el programa incluir\u00e1 la Serenata para cuerdas de Mieczyslaw Karlowicz y la Sinfon\u00eda No. 3 Op. 29 \u201cPolaca\u201d de Piotr I. Tchaikovsky. La actividad es organizada por la Secretar\u00eda de Cultura de la provincia, cuenta con el auspicio de IAPSER Seguros y es de entrada libre y gratuita, con acceso por orden de llegada.<\/p>\n","protected":false},"excerpt":{"rendered":"<p>Fue este s\u00e1bado bajo la direcci\u00f3n art\u00edstica de Luis Gorelik y con la participaci\u00f3n del maestro invitado Alex Amsel, donde se interpret\u00f3 m\u00fasica de Beethoven en el renovado Centro Cultural. Organizaron la Secretar\u00eda de Cultura provincial y la Municipalidad de Paran\u00e1. El evento inici\u00f3 a las 20 con m\u00e1s de 70 m\u00fasicos en escena para [&hellip;]<\/p>\n","protected":false},"author":49,"featured_media":16963,"comment_status":"open","ping_status":"open","sticky":false,"template":"","format":"standard","meta":{"_et_pb_use_builder":"off","_et_pb_old_content":"","_et_gb_content_width":"","footnotes":""},"categories":[28,17],"tags":[],"class_list":["post-16958","post","type-post","status-publish","format-standard","has-post-thumbnail","hentry","category-noticias","category-orquesta-sinfonica"],"_links":{"self":[{"href":"https:\/\/www.entrerios.gov.ar\/cultura\/wp-json\/wp\/v2\/posts\/16958","targetHints":{"allow":["GET"]}}],"collection":[{"href":"https:\/\/www.entrerios.gov.ar\/cultura\/wp-json\/wp\/v2\/posts"}],"about":[{"href":"https:\/\/www.entrerios.gov.ar\/cultura\/wp-json\/wp\/v2\/types\/post"}],"author":[{"embeddable":true,"href":"https:\/\/www.entrerios.gov.ar\/cultura\/wp-json\/wp\/v2\/users\/49"}],"replies":[{"embeddable":true,"href":"https:\/\/www.entrerios.gov.ar\/cultura\/wp-json\/wp\/v2\/comments?post=16958"}],"version-history":[{"count":1,"href":"https:\/\/www.entrerios.gov.ar\/cultura\/wp-json\/wp\/v2\/posts\/16958\/revisions"}],"predecessor-version":[{"id":16964,"href":"https:\/\/www.entrerios.gov.ar\/cultura\/wp-json\/wp\/v2\/posts\/16958\/revisions\/16964"}],"wp:featuredmedia":[{"embeddable":true,"href":"https:\/\/www.entrerios.gov.ar\/cultura\/wp-json\/wp\/v2\/media\/16963"}],"wp:attachment":[{"href":"https:\/\/www.entrerios.gov.ar\/cultura\/wp-json\/wp\/v2\/media?parent=16958"}],"wp:term":[{"taxonomy":"category","embeddable":true,"href":"https:\/\/www.entrerios.gov.ar\/cultura\/wp-json\/wp\/v2\/categories?post=16958"},{"taxonomy":"post_tag","embeddable":true,"href":"https:\/\/www.entrerios.gov.ar\/cultura\/wp-json\/wp\/v2\/tags?post=16958"}],"curies":[{"name":"wp","href":"https:\/\/api.w.org\/{rel}","templated":true}]}}