{"id":16965,"date":"2026-04-27T19:44:55","date_gmt":"2026-04-27T19:44:55","guid":{"rendered":"https:\/\/www.entrerios.gov.ar\/cultura\/?p=16965"},"modified":"2026-04-27T19:46:56","modified_gmt":"2026-04-27T19:46:56","slug":"difundieron-los-bocetos-seleccionados-para-4-encuentro-provincial-de-muralismo","status":"publish","type":"post","link":"https:\/\/www.entrerios.gov.ar\/cultura\/difundieron-los-bocetos-seleccionados-para-4-encuentro-provincial-de-muralismo\/","title":{"rendered":"Difundieron los bocetos seleccionados para el 4\u00b0 Encuentro Provincial de Muralismo"},"content":{"rendered":"\n<p>Hubo m\u00e1s de 50 postulaciones de distintas localidades entrerrianas, lo cual marc\u00f3 un r\u00e9cord de inscripciones. Los seleccionados realizar\u00e1n los murales en el Encuentro que se realizar\u00e1 del 8 al 10 de mayo en Maci\u00e1. Organizan la Secretar\u00eda de Cultura de Entre R\u00edos y la Municipalidad local.\u00a0<\/p>\n\n\n\n<p>Los seleccionados son los siguientes:&nbsp;<\/p>\n\n\n\n<p>&#8211; La Solapa; Mar\u00eda Alicia Flores (Paran\u00e1) Individual.<\/p>\n\n\n\n<p>&#8211; Dulce simbiosis; Ludmila Beker (Gualeguaych\u00fa) Individual.<\/p>\n\n\n\n<p>&#8211; S\/T; Florencia Salinas (San Jos\u00e9), Brian Aubert (Larroque) Grupal.<\/p>\n\n\n\n<p>&#8211; Esencia Litoral; Jonathan S\u00e1nchez (Concordia) Individual.<\/p>\n\n\n\n<p>&#8211;&nbsp; S\/T; Joaqu\u00edn Carrizo (Paran\u00e1) Individual.<\/p>\n\n\n\n<p>&#8211; Entre el Paran\u00e1 y el Uruguay; de Hern\u00e1n Dom\u00ednguez (Gualeguaych\u00fa) Individual.<\/p>\n\n\n\n<p>&#8211; Ecos del Fuelle; Laura Lezcano, Sergio Mart\u00ednez (Federal) Grupal.<\/p>\n\n\n\n<p>Adem\u00e1s de producir sus murales en el Encuentro, recibir\u00e1n los materiales y premios econ\u00f3micos; tambi\u00e9n, de no residir en Maci\u00e1, se les cubrir\u00e1 alojamiento y comidas.&nbsp;<\/p>\n\n\n\n<p>Fueron designados en car\u00e1cter de suplentes:<\/p>\n\n\n\n<p>&#8211; Anambi Atei; Candelaria Landeira (Colonia Avellaneda) Individual.<\/p>\n\n\n\n<p>&#8211; S\/T; Ludmila Habekon (El Pingo) Individual<\/p>\n\n\n\n<p>&#8211; Ra\u00edces Gualeyas; Cinthia P\u00e9rez, Juan Bernardini (Gualeguay) Grupal.<\/p>\n\n\n\n<p>El jurado estuvo integrado por Camila Guerra, Melisa Eugenia Jatib y Mar\u00eda Florencia Albornoz. La tem\u00e1tica fue Pueblos Entrerrianos, arte e identidad.<\/p>\n\n\n\n<p>Los Encuentros Entrerrianos de Arte forman parte de CUAC! Cultura Activa, un programa de actividades que la Secretar\u00eda de Cultura de Entre R\u00edos desarrolla en distintas localidades de la provincia con una mirada federal, ampliando los circuitos art\u00edsticos, promoviendo el intercambio y el acceso de la ciudadan\u00eda a los bienes culturales entrerrianos.<\/p>\n","protected":false},"excerpt":{"rendered":"<p>Hubo m\u00e1s de 50 postulaciones de distintas localidades entrerrianas, lo cual marc\u00f3 un r\u00e9cord de inscripciones. Los seleccionados realizar\u00e1n los murales en el Encuentro que se realizar\u00e1 del 8 al 10 de mayo en Maci\u00e1. Organizan la Secretar\u00eda de Cultura de Entre R\u00edos y la Municipalidad local.\u00a0 Los seleccionados son los siguientes:&nbsp; &#8211; La Solapa; [&hellip;]<\/p>\n","protected":false},"author":49,"featured_media":16967,"comment_status":"open","ping_status":"open","sticky":false,"template":"","format":"standard","meta":{"_et_pb_use_builder":"off","_et_pb_old_content":"","_et_gb_content_width":"","footnotes":""},"categories":[1,28,58,146],"tags":[],"class_list":["post-16965","post","type-post","status-publish","format-standard","has-post-thumbnail","hentry","category-destacado","category-noticias","category-concursos-cerrados","category-eea"],"_links":{"self":[{"href":"https:\/\/www.entrerios.gov.ar\/cultura\/wp-json\/wp\/v2\/posts\/16965","targetHints":{"allow":["GET"]}}],"collection":[{"href":"https:\/\/www.entrerios.gov.ar\/cultura\/wp-json\/wp\/v2\/posts"}],"about":[{"href":"https:\/\/www.entrerios.gov.ar\/cultura\/wp-json\/wp\/v2\/types\/post"}],"author":[{"embeddable":true,"href":"https:\/\/www.entrerios.gov.ar\/cultura\/wp-json\/wp\/v2\/users\/49"}],"replies":[{"embeddable":true,"href":"https:\/\/www.entrerios.gov.ar\/cultura\/wp-json\/wp\/v2\/comments?post=16965"}],"version-history":[{"count":3,"href":"https:\/\/www.entrerios.gov.ar\/cultura\/wp-json\/wp\/v2\/posts\/16965\/revisions"}],"predecessor-version":[{"id":16969,"href":"https:\/\/www.entrerios.gov.ar\/cultura\/wp-json\/wp\/v2\/posts\/16965\/revisions\/16969"}],"wp:featuredmedia":[{"embeddable":true,"href":"https:\/\/www.entrerios.gov.ar\/cultura\/wp-json\/wp\/v2\/media\/16967"}],"wp:attachment":[{"href":"https:\/\/www.entrerios.gov.ar\/cultura\/wp-json\/wp\/v2\/media?parent=16965"}],"wp:term":[{"taxonomy":"category","embeddable":true,"href":"https:\/\/www.entrerios.gov.ar\/cultura\/wp-json\/wp\/v2\/categories?post=16965"},{"taxonomy":"post_tag","embeddable":true,"href":"https:\/\/www.entrerios.gov.ar\/cultura\/wp-json\/wp\/v2\/tags?post=16965"}],"curies":[{"name":"wp","href":"https:\/\/api.w.org\/{rel}","templated":true}]}}