{"id":16970,"date":"2026-04-28T12:15:41","date_gmt":"2026-04-28T12:15:41","guid":{"rendered":"https:\/\/www.entrerios.gov.ar\/cultura\/?p=16970"},"modified":"2026-04-28T12:15:44","modified_gmt":"2026-04-28T12:15:44","slug":"el-fogon-entrerriano-llega-este-sabado-a-villa-del-rosario","status":"publish","type":"post","link":"https:\/\/www.entrerios.gov.ar\/cultura\/el-fogon-entrerriano-llega-este-sabado-a-villa-del-rosario\/","title":{"rendered":"El Fog\u00f3n Entrerriano llega este s\u00e1bado a Villa del Rosario"},"content":{"rendered":"\n<p>El ciclo itinerante de la Secretar\u00eda de Cultura de Entre R\u00edos, Fog\u00f3n Entrerriano, contin\u00faa su recorrido por la provincia. Este s\u00e1bado 2 de mayo desde las 20hs tendr\u00e1 una nueva noche en el Club Las Colonias de Villa del Rosario, departamento Federaci\u00f3n. Con entrada libre y gratuita, habr\u00e1 danza y m\u00fasica en vivo.&nbsp;<\/p>\n\n\n\n<p>Durante la noche se presentar\u00e1n el Taller Municipal de Folclore de Villa del Rosario, Taller Municipal de Folclore de Chajar\u00ed, Ariel, el entrerriano y su conjunto y Grupo Centella.<\/p>\n\n\n\n<p>Tambi\u00e9n se anuncia una feria de emprendedores locales y servicio de cantina. Se invita a toda la comunidad a participar.&nbsp;<\/p>\n\n\n\n<p>Fog\u00f3n Entrerriano es parte de CUAC! Cultura Activa, un programa anual de ciclos, encuentros y convocatorias que la Secretar\u00eda de Cultura de Entre R\u00edos desarrolla en toda la provincia, con una mirada federal y el objetivo de ampliar circuitos y promover el acceso de la ciudadan\u00eda a los bienes culturales de la provincia.<\/p>\n","protected":false},"excerpt":{"rendered":"<p>El ciclo itinerante de la Secretar\u00eda de Cultura de Entre R\u00edos, Fog\u00f3n Entrerriano, contin\u00faa su recorrido por la provincia. Este s\u00e1bado 2 de mayo desde las 20hs tendr\u00e1 una nueva noche en el Club Las Colonias de Villa del Rosario, departamento Federaci\u00f3n. Con entrada libre y gratuita, habr\u00e1 danza y m\u00fasica en vivo.&nbsp; Durante la [&hellip;]<\/p>\n","protected":false},"author":49,"featured_media":16972,"comment_status":"open","ping_status":"open","sticky":false,"template":"","format":"standard","meta":{"_et_pb_use_builder":"off","_et_pb_old_content":"","_et_gb_content_width":"","footnotes":""},"categories":[28],"tags":[],"class_list":["post-16970","post","type-post","status-publish","format-standard","has-post-thumbnail","hentry","category-noticias"],"_links":{"self":[{"href":"https:\/\/www.entrerios.gov.ar\/cultura\/wp-json\/wp\/v2\/posts\/16970","targetHints":{"allow":["GET"]}}],"collection":[{"href":"https:\/\/www.entrerios.gov.ar\/cultura\/wp-json\/wp\/v2\/posts"}],"about":[{"href":"https:\/\/www.entrerios.gov.ar\/cultura\/wp-json\/wp\/v2\/types\/post"}],"author":[{"embeddable":true,"href":"https:\/\/www.entrerios.gov.ar\/cultura\/wp-json\/wp\/v2\/users\/49"}],"replies":[{"embeddable":true,"href":"https:\/\/www.entrerios.gov.ar\/cultura\/wp-json\/wp\/v2\/comments?post=16970"}],"version-history":[{"count":1,"href":"https:\/\/www.entrerios.gov.ar\/cultura\/wp-json\/wp\/v2\/posts\/16970\/revisions"}],"predecessor-version":[{"id":16973,"href":"https:\/\/www.entrerios.gov.ar\/cultura\/wp-json\/wp\/v2\/posts\/16970\/revisions\/16973"}],"wp:featuredmedia":[{"embeddable":true,"href":"https:\/\/www.entrerios.gov.ar\/cultura\/wp-json\/wp\/v2\/media\/16972"}],"wp:attachment":[{"href":"https:\/\/www.entrerios.gov.ar\/cultura\/wp-json\/wp\/v2\/media?parent=16970"}],"wp:term":[{"taxonomy":"category","embeddable":true,"href":"https:\/\/www.entrerios.gov.ar\/cultura\/wp-json\/wp\/v2\/categories?post=16970"},{"taxonomy":"post_tag","embeddable":true,"href":"https:\/\/www.entrerios.gov.ar\/cultura\/wp-json\/wp\/v2\/tags?post=16970"}],"curies":[{"name":"wp","href":"https:\/\/api.w.org\/{rel}","templated":true}]}}