{"id":16974,"date":"2026-04-28T12:44:24","date_gmt":"2026-04-28T12:44:24","guid":{"rendered":"https:\/\/www.entrerios.gov.ar\/cultura\/?p=16974"},"modified":"2026-04-28T12:44:27","modified_gmt":"2026-04-28T12:44:27","slug":"presentaran-una-publicacion-sobre-la-conservacion-de-especies-animales-nativas","status":"publish","type":"post","link":"https:\/\/www.entrerios.gov.ar\/cultura\/presentaran-una-publicacion-sobre-la-conservacion-de-especies-animales-nativas\/","title":{"rendered":"Presentar\u00e1n una publicaci\u00f3n sobre la conservaci\u00f3n de especies animales nativas"},"content":{"rendered":"\n<p>La Secretar\u00eda de Cultura de Entre R\u00edos invita a la presentaci\u00f3n del Nuevo Libro Rojo de los Mam\u00edferos de Argentina, una publicaci\u00f3n clave para el conocimiento y la conservaci\u00f3n de la biodiversidad. Ser\u00e1 este mi\u00e9rcoles 29 a las 17hs en el Museo Antonio Serrano (Gardel 62, Paran\u00e1). Est\u00e1 dirigida al p\u00fablico en general, con entrada libre y gratuita.<\/p>\n\n\n\n<p>La actividad estar\u00e1 a cargo del Dr. Javier Pereira, investigador del CONICET y miembro de la Comisi\u00f3n Directiva de la Sociedad Argentina para el Estudio de Mam\u00edferos (SAREM), instituci\u00f3n que coordin\u00f3 esta nueva edici\u00f3n.<\/p>\n\n\n\n<p>La actualizaci\u00f3n 2025 del Libro Rojo, presentada a comienzos de 2026, constituye una de las evaluaciones m\u00e1s amplias realizadas en el pa\u00eds, donde se analiza el estado de conservaci\u00f3n de 417 especies nativas con la participaci\u00f3n de m\u00e1s de 450 especialistas de distintas disciplinas. El informe advierte un incremento en el riesgo de extinci\u00f3n en grupos como peque\u00f1os felinos, roedores cavadores y especies de la regi\u00f3n patag\u00f3nica, y constituye una herramienta fundamental para orientar pol\u00edticas p\u00fablicas y estrategias de conservaci\u00f3n a nivel nacional.<\/p>\n\n\n\n<p>Durante el encuentro se compartir\u00e1n los principales aportes de esta nueva publicaci\u00f3n, su metodolog\u00eda y los desaf\u00edos actuales en torno a la protecci\u00f3n de especies de mam\u00edferos en Argentina.<\/p>\n","protected":false},"excerpt":{"rendered":"<p>La Secretar\u00eda de Cultura de Entre R\u00edos invita a la presentaci\u00f3n del Nuevo Libro Rojo de los Mam\u00edferos de Argentina, una publicaci\u00f3n clave para el conocimiento y la conservaci\u00f3n de la biodiversidad. Ser\u00e1 este mi\u00e9rcoles 29 a las 17hs en el Museo Antonio Serrano (Gardel 62, Paran\u00e1). Est\u00e1 dirigida al p\u00fablico en general, con entrada [&hellip;]<\/p>\n","protected":false},"author":49,"featured_media":16976,"comment_status":"open","ping_status":"open","sticky":false,"template":"","format":"standard","meta":{"_et_pb_use_builder":"off","_et_pb_old_content":"","_et_gb_content_width":"","footnotes":""},"categories":[28,8],"tags":[],"class_list":["post-16974","post","type-post","status-publish","format-standard","has-post-thumbnail","hentry","category-noticias","category-museo-ciencias-naturales"],"_links":{"self":[{"href":"https:\/\/www.entrerios.gov.ar\/cultura\/wp-json\/wp\/v2\/posts\/16974","targetHints":{"allow":["GET"]}}],"collection":[{"href":"https:\/\/www.entrerios.gov.ar\/cultura\/wp-json\/wp\/v2\/posts"}],"about":[{"href":"https:\/\/www.entrerios.gov.ar\/cultura\/wp-json\/wp\/v2\/types\/post"}],"author":[{"embeddable":true,"href":"https:\/\/www.entrerios.gov.ar\/cultura\/wp-json\/wp\/v2\/users\/49"}],"replies":[{"embeddable":true,"href":"https:\/\/www.entrerios.gov.ar\/cultura\/wp-json\/wp\/v2\/comments?post=16974"}],"version-history":[{"count":1,"href":"https:\/\/www.entrerios.gov.ar\/cultura\/wp-json\/wp\/v2\/posts\/16974\/revisions"}],"predecessor-version":[{"id":16977,"href":"https:\/\/www.entrerios.gov.ar\/cultura\/wp-json\/wp\/v2\/posts\/16974\/revisions\/16977"}],"wp:featuredmedia":[{"embeddable":true,"href":"https:\/\/www.entrerios.gov.ar\/cultura\/wp-json\/wp\/v2\/media\/16976"}],"wp:attachment":[{"href":"https:\/\/www.entrerios.gov.ar\/cultura\/wp-json\/wp\/v2\/media?parent=16974"}],"wp:term":[{"taxonomy":"category","embeddable":true,"href":"https:\/\/www.entrerios.gov.ar\/cultura\/wp-json\/wp\/v2\/categories?post=16974"},{"taxonomy":"post_tag","embeddable":true,"href":"https:\/\/www.entrerios.gov.ar\/cultura\/wp-json\/wp\/v2\/tags?post=16974"}],"curies":[{"name":"wp","href":"https:\/\/api.w.org\/{rel}","templated":true}]}}