{"id":16978,"date":"2026-04-28T14:05:38","date_gmt":"2026-04-28T14:05:38","guid":{"rendered":"https:\/\/www.entrerios.gov.ar\/cultura\/?p=16978"},"modified":"2026-04-28T14:05:41","modified_gmt":"2026-04-28T14:05:41","slug":"autores-locales-leeran-a-ricardo-zelarayan-en-el-ciclo-las-palabras-quedan","status":"publish","type":"post","link":"https:\/\/www.entrerios.gov.ar\/cultura\/autores-locales-leeran-a-ricardo-zelarayan-en-el-ciclo-las-palabras-quedan\/","title":{"rendered":"Autores locales leer\u00e1n a Ricardo Zelaray\u00e1n en el ciclo Las Palabras Quedan\u00a0"},"content":{"rendered":"\n<p>Ser\u00e1 este jueves desde las 21hs, con entrada libre y gratuita, en la Casa de la Cultura de Entre R\u00edos (9 de julio y Carb\u00f3, Paran\u00e1). En la jornada se repasar\u00e1n fragmentos de la obra de Ricardo Zelaray\u00e1n, uno de los referentes de la literatura provincial.&nbsp;<\/p>\n\n\n\n<p>Participar\u00e1n Mara Rodr\u00edguez, Mercedes Garc\u00eda, Luciano Mete, Juli\u00e1n Bejarano y Pablo Aranda.<\/p>\n\n\n\n<p>Las Palabras Quedan es un ciclo mensual de lecturas imprescindibles de autoras y autores de la literatura entrerriana amorosamente acompa\u00f1ados por vinos de la provincia de Entre R\u00edos, a cargo de Bodegas y Vi\u00f1edos de Entre R\u00edos.&nbsp;<\/p>\n\n\n\n<p>Ricardo Zelaray\u00e1n (1922-2010) escritor paranaense; se defin\u00eda como un poeta que no era escritor. Public\u00f3 La piel de caballo, Lata peinada y los libros de poemas: La obsesi\u00f3n del espacio y Ro\u00f1a criolla, adem\u00e1s de un volumen de cuentos infantiles: Traveseando. Se desempe\u00f1\u00f3 en numerosos suplementos culturales y ha ejercido notable influencia desde los a\u00f1os 90 en futuras generaciones de poetas.<\/p>\n","protected":false},"excerpt":{"rendered":"<p>Ser\u00e1 este jueves desde las 21hs, con entrada libre y gratuita, en la Casa de la Cultura de Entre R\u00edos (9 de julio y Carb\u00f3, Paran\u00e1). En la jornada se repasar\u00e1n fragmentos de la obra de Ricardo Zelaray\u00e1n, uno de los referentes de la literatura provincial.&nbsp; Participar\u00e1n Mara Rodr\u00edguez, Mercedes Garc\u00eda, Luciano Mete, Juli\u00e1n Bejarano [&hellip;]<\/p>\n","protected":false},"author":49,"featured_media":16980,"comment_status":"open","ping_status":"open","sticky":false,"template":"","format":"standard","meta":{"_et_pb_use_builder":"off","_et_pb_old_content":"","_et_gb_content_width":"","footnotes":""},"categories":[28,19],"tags":[],"class_list":["post-16978","post","type-post","status-publish","format-standard","has-post-thumbnail","hentry","category-noticias","category-casa-de-la-cultura-de-er"],"_links":{"self":[{"href":"https:\/\/www.entrerios.gov.ar\/cultura\/wp-json\/wp\/v2\/posts\/16978","targetHints":{"allow":["GET"]}}],"collection":[{"href":"https:\/\/www.entrerios.gov.ar\/cultura\/wp-json\/wp\/v2\/posts"}],"about":[{"href":"https:\/\/www.entrerios.gov.ar\/cultura\/wp-json\/wp\/v2\/types\/post"}],"author":[{"embeddable":true,"href":"https:\/\/www.entrerios.gov.ar\/cultura\/wp-json\/wp\/v2\/users\/49"}],"replies":[{"embeddable":true,"href":"https:\/\/www.entrerios.gov.ar\/cultura\/wp-json\/wp\/v2\/comments?post=16978"}],"version-history":[{"count":1,"href":"https:\/\/www.entrerios.gov.ar\/cultura\/wp-json\/wp\/v2\/posts\/16978\/revisions"}],"predecessor-version":[{"id":16981,"href":"https:\/\/www.entrerios.gov.ar\/cultura\/wp-json\/wp\/v2\/posts\/16978\/revisions\/16981"}],"wp:featuredmedia":[{"embeddable":true,"href":"https:\/\/www.entrerios.gov.ar\/cultura\/wp-json\/wp\/v2\/media\/16980"}],"wp:attachment":[{"href":"https:\/\/www.entrerios.gov.ar\/cultura\/wp-json\/wp\/v2\/media?parent=16978"}],"wp:term":[{"taxonomy":"category","embeddable":true,"href":"https:\/\/www.entrerios.gov.ar\/cultura\/wp-json\/wp\/v2\/categories?post=16978"},{"taxonomy":"post_tag","embeddable":true,"href":"https:\/\/www.entrerios.gov.ar\/cultura\/wp-json\/wp\/v2\/tags?post=16978"}],"curies":[{"name":"wp","href":"https:\/\/api.w.org\/{rel}","templated":true}]}}