{"id":16993,"date":"2026-04-29T12:02:29","date_gmt":"2026-04-29T12:02:29","guid":{"rendered":"https:\/\/www.entrerios.gov.ar\/cultura\/?p=16993"},"modified":"2026-04-29T12:04:13","modified_gmt":"2026-04-29T12:04:13","slug":"se-presento-la-5-fiesta-del-trabajador-de-aldea-maria-luisa","status":"publish","type":"post","link":"https:\/\/www.entrerios.gov.ar\/cultura\/se-presento-la-5-fiesta-del-trabajador-de-aldea-maria-luisa\/","title":{"rendered":"Se present\u00f3 la 5\u00b0 Fiesta del Trabajador de Aldea Mar\u00eda Luisa"},"content":{"rendered":"\n<h3 class=\"wp-block-heading\">Este martes se realiz\u00f3 la presentaci\u00f3n oficial de la quinta edici\u00f3n de la Fiesta del Trabajador en la sala multimedial del Museo Casa de Gobierno, organismo dependiente de la Secretar\u00eda de Cultura de Entre R\u00edos. El evento se llevar\u00e1 a cabo el viernes 1\u00b0 de mayo, con entrada libre y gratuita.<\/h3>\n\n\n\n<p><\/p>\n\n\n\n<h3 class=\"wp-block-heading\">Desde la Secretar\u00eda de Cultura particip\u00f3 la directora general de Programas y Promoci\u00f3n Cultural, Natalia Prado, quien destac\u00f3 el impacto positivo de estas celebraciones: \u201cGeneran identidad y movimiento econ\u00f3mico en la comunidad, donde trabajan emprendedores, artesanos y artistas, lo cual es de gran valor tanto para el municipio como para la provincia\u201d.<\/h3>\n\n\n\n<p><\/p>\n\n\n\n<figure class=\"wp-block-image size-large\"><img loading=\"lazy\" decoding=\"async\" width=\"1024\" height=\"683\" src=\"https:\/\/www.entrerios.gov.ar\/cultura\/wp-content\/uploads\/2026\/04\/image-62-1024x683.jpeg\" alt=\"\" class=\"wp-image-16995\" srcset=\"https:\/\/www.entrerios.gov.ar\/cultura\/wp-content\/uploads\/2026\/04\/image-62-980x653.jpeg 980w, https:\/\/www.entrerios.gov.ar\/cultura\/wp-content\/uploads\/2026\/04\/image-62-480x320.jpeg 480w\" sizes=\"auto, (min-width: 0px) and (max-width: 480px) 480px, (min-width: 481px) and (max-width: 980px) 980px, (min-width: 981px) 1024px, 100vw\" \/><\/figure>\n\n\n\n<p><\/p>\n\n\n\n<h3 class=\"wp-block-heading\">Entre las autoridades de Aldea Mar\u00eda Luisa estuvieron presentes la viceintendenta, Elizabeth Celeste Pando, la secretaria de Gobierno, Gladis Beatriz Salom\u00f3n, y la referente de Cultura, Ail\u00edn Colacello.<\/h3>\n\n\n\n<h3 class=\"wp-block-heading\">Pando remarc\u00f3 que \u201cesta fiesta ya se ha impuesto en el calendario local, es un evento familiar con gran concurrencia, y se destaca por la calidad de los emprendedores y la variedad musical para todos los gustos\u201d. Por su parte, Salom\u00f3n brind\u00f3 detalles del evento: &#8220;desde las 11 horas el p\u00fablico podr\u00e1 disfrutar del patio gastron\u00f3mico con comidas t\u00edpicas del 1\u00b0 de mayo, como asado con cuero, empanadas, pirok y otras especialidades locales&#8221;.<\/h3>\n\n\n\n<p><\/p>\n\n\n\n<figure class=\"wp-block-image size-large\"><img loading=\"lazy\" decoding=\"async\" width=\"1024\" height=\"683\" src=\"https:\/\/www.entrerios.gov.ar\/cultura\/wp-content\/uploads\/2026\/04\/image-63-1024x683.jpeg\" alt=\"\" class=\"wp-image-16996\" srcset=\"https:\/\/www.entrerios.gov.ar\/cultura\/wp-content\/uploads\/2026\/04\/image-63-980x653.jpeg 980w, https:\/\/www.entrerios.gov.ar\/cultura\/wp-content\/uploads\/2026\/04\/image-63-480x320.jpeg 480w\" sizes=\"auto, (min-width: 0px) and (max-width: 480px) 480px, (min-width: 481px) and (max-width: 980px) 980px, (min-width: 981px) 1024px, 100vw\" \/><\/figure>\n\n\n\n<p><\/p>\n\n\n\n<h3 class=\"wp-block-heading\"><strong>Grilla art\u00edstica<\/strong><\/h3>\n\n\n\n<h3 class=\"wp-block-heading\">Entre los n\u00fameros confirmados se presentar\u00e1n Los Majestuosos del Chamam\u00e9, Cuarteto Gigante, Brisas Inmigrantes y Los Charros. El evento se desarrollar\u00e1 en el Predio Multiespacio La Posta, con entrada libre y gratuita, y contar\u00e1 con patio gastron\u00f3mico, feria de artesanos y actividades para toda la familia.<\/h3>\n","protected":false},"excerpt":{"rendered":"<p>Este martes se realiz\u00f3 la presentaci\u00f3n oficial de la quinta edici\u00f3n de la Fiesta del Trabajador en la sala multimedial del Museo Casa de Gobierno, organismo dependiente de la Secretar\u00eda de Cultura de Entre R\u00edos. El evento se llevar\u00e1 a cabo el viernes 1\u00b0 de mayo, con entrada libre y gratuita. Desde la Secretar\u00eda de [&hellip;]<\/p>\n","protected":false},"author":49,"featured_media":16997,"comment_status":"open","ping_status":"open","sticky":false,"template":"","format":"standard","meta":{"_et_pb_use_builder":"off","_et_pb_old_content":"","_et_gb_content_width":"","footnotes":""},"categories":[28,11],"tags":[],"class_list":["post-16993","post","type-post","status-publish","format-standard","has-post-thumbnail","hentry","category-noticias","category-museo-casa-de-gobierno"],"_links":{"self":[{"href":"https:\/\/www.entrerios.gov.ar\/cultura\/wp-json\/wp\/v2\/posts\/16993","targetHints":{"allow":["GET"]}}],"collection":[{"href":"https:\/\/www.entrerios.gov.ar\/cultura\/wp-json\/wp\/v2\/posts"}],"about":[{"href":"https:\/\/www.entrerios.gov.ar\/cultura\/wp-json\/wp\/v2\/types\/post"}],"author":[{"embeddable":true,"href":"https:\/\/www.entrerios.gov.ar\/cultura\/wp-json\/wp\/v2\/users\/49"}],"replies":[{"embeddable":true,"href":"https:\/\/www.entrerios.gov.ar\/cultura\/wp-json\/wp\/v2\/comments?post=16993"}],"version-history":[{"count":2,"href":"https:\/\/www.entrerios.gov.ar\/cultura\/wp-json\/wp\/v2\/posts\/16993\/revisions"}],"predecessor-version":[{"id":17000,"href":"https:\/\/www.entrerios.gov.ar\/cultura\/wp-json\/wp\/v2\/posts\/16993\/revisions\/17000"}],"wp:featuredmedia":[{"embeddable":true,"href":"https:\/\/www.entrerios.gov.ar\/cultura\/wp-json\/wp\/v2\/media\/16997"}],"wp:attachment":[{"href":"https:\/\/www.entrerios.gov.ar\/cultura\/wp-json\/wp\/v2\/media?parent=16993"}],"wp:term":[{"taxonomy":"category","embeddable":true,"href":"https:\/\/www.entrerios.gov.ar\/cultura\/wp-json\/wp\/v2\/categories?post=16993"},{"taxonomy":"post_tag","embeddable":true,"href":"https:\/\/www.entrerios.gov.ar\/cultura\/wp-json\/wp\/v2\/tags?post=16993"}],"curies":[{"name":"wp","href":"https:\/\/api.w.org\/{rel}","templated":true}]}}