{"id":17002,"date":"2026-04-29T12:46:25","date_gmt":"2026-04-29T12:46:25","guid":{"rendered":"https:\/\/www.entrerios.gov.ar\/cultura\/?p=17002"},"modified":"2026-04-29T12:55:53","modified_gmt":"2026-04-29T12:55:53","slug":"invitan-a-una-nueva-proyeccion-del-ciclo-que-propone-el-cineclub-noble","status":"publish","type":"post","link":"https:\/\/www.entrerios.gov.ar\/cultura\/invitan-a-una-nueva-proyeccion-del-ciclo-que-propone-el-cineclub-noble\/","title":{"rendered":"Invitan a una nueva proyecci\u00f3n del ciclo que propone el Cineclub Noble"},"content":{"rendered":"\n<p>Este martes 5 de mayo, a las 20hs en la Sala Noble (Matorras 861, Paran\u00e1), se proyectar\u00e1 la pel\u00edcula Otra ronda, dirigida por Thomas Vinterberg (Dinamarca, 2020). La nueva programaci\u00f3n se titula Cata de Musas y es organizada por el Instituto Audiovisual (IAAER), con acceso libre y gratuito. Invita la Secretar\u00eda de Cultura de Entre R\u00edos.<\/p>\n\n\n\n<p>El Cineclub Noble reconstruye h\u00e1bitos colectivos, espacios comunes y promueve el acceso de la ciudadan\u00eda a los bienes culturales y patrimoniales entrerrianos.<\/p>\n\n\n\n<p>La experiencia de degustar una bebida o alimento, percibiendo los elementos que lo forman con los cinco sentidos, especialmente con la vista, el olfato y el gusto, es el hilo conductor de los tres t\u00edtulos que conforman la nueva propuesta que organiza el IAAER, organismo de la Secretar\u00eda de Cultura. Acompa\u00f1a el evento Oveja Negra, para la degustaci\u00f3n del ciclo.<\/p>\n\n\n\n<p><\/p>\n\n\n\n<figure class=\"wp-block-image size-large\"><img loading=\"lazy\" decoding=\"async\" width=\"1024\" height=\"683\" src=\"https:\/\/www.entrerios.gov.ar\/cultura\/wp-content\/uploads\/2026\/04\/image-65-1024x683.jpeg\" alt=\"\" class=\"wp-image-17004\" srcset=\"https:\/\/www.entrerios.gov.ar\/cultura\/wp-content\/uploads\/2026\/04\/image-65-980x653.jpeg 980w, https:\/\/www.entrerios.gov.ar\/cultura\/wp-content\/uploads\/2026\/04\/image-65-480x320.jpeg 480w\" sizes=\"auto, (min-width: 0px) and (max-width: 480px) 480px, (min-width: 481px) and (max-width: 980px) 980px, (min-width: 981px) 1024px, 100vw\" \/><\/figure>\n\n\n\n<p><\/p>\n\n\n\n<p><strong>Sobre la Pel\u00edcula<\/strong><\/p>\n\n\n\n<p>Dirigida por Vinterberg, esta cinta danesa fue la ganadora del Oscar a la Mejor Pel\u00edcula Internacional en 2021. La historia trata de cuatro profesores de secundaria, cansados de la rutina y la apat\u00eda, deciden poner a prueba una teor\u00eda sociol\u00f3gica: mantener un nivel constante de 0,05% de alcohol en sangre para mejorar su creatividad y felicidad.<\/p>\n\n\n\n<p>El actor Mads Mikkelsen entrega una de sus actuaciones m\u00e1s memorables, culminando en una escena de baile final que es considerada catarsis pura. La obra explora la crisis de la mediana edad, la amistad masculina y la delgada l\u00ednea entre la liberaci\u00f3n emocional y la dependencia.<\/p>\n","protected":false},"excerpt":{"rendered":"<p>Este martes 5 de mayo, a las 20hs en la Sala Noble (Matorras 861, Paran\u00e1), se proyectar\u00e1 la pel\u00edcula Otra ronda, dirigida por Thomas Vinterberg (Dinamarca, 2020). La nueva programaci\u00f3n se titula Cata de Musas y es organizada por el Instituto Audiovisual (IAAER), con acceso libre y gratuito. Invita la Secretar\u00eda de Cultura de Entre [&hellip;]<\/p>\n","protected":false},"author":49,"featured_media":17005,"comment_status":"open","ping_status":"open","sticky":false,"template":"","format":"standard","meta":{"_et_pb_use_builder":"off","_et_pb_old_content":"","_et_gb_content_width":"","footnotes":""},"categories":[28,4],"tags":[],"class_list":["post-17002","post","type-post","status-publish","format-standard","has-post-thumbnail","hentry","category-noticias","category-iaaer"],"_links":{"self":[{"href":"https:\/\/www.entrerios.gov.ar\/cultura\/wp-json\/wp\/v2\/posts\/17002","targetHints":{"allow":["GET"]}}],"collection":[{"href":"https:\/\/www.entrerios.gov.ar\/cultura\/wp-json\/wp\/v2\/posts"}],"about":[{"href":"https:\/\/www.entrerios.gov.ar\/cultura\/wp-json\/wp\/v2\/types\/post"}],"author":[{"embeddable":true,"href":"https:\/\/www.entrerios.gov.ar\/cultura\/wp-json\/wp\/v2\/users\/49"}],"replies":[{"embeddable":true,"href":"https:\/\/www.entrerios.gov.ar\/cultura\/wp-json\/wp\/v2\/comments?post=17002"}],"version-history":[{"count":2,"href":"https:\/\/www.entrerios.gov.ar\/cultura\/wp-json\/wp\/v2\/posts\/17002\/revisions"}],"predecessor-version":[{"id":17007,"href":"https:\/\/www.entrerios.gov.ar\/cultura\/wp-json\/wp\/v2\/posts\/17002\/revisions\/17007"}],"wp:featuredmedia":[{"embeddable":true,"href":"https:\/\/www.entrerios.gov.ar\/cultura\/wp-json\/wp\/v2\/media\/17005"}],"wp:attachment":[{"href":"https:\/\/www.entrerios.gov.ar\/cultura\/wp-json\/wp\/v2\/media?parent=17002"}],"wp:term":[{"taxonomy":"category","embeddable":true,"href":"https:\/\/www.entrerios.gov.ar\/cultura\/wp-json\/wp\/v2\/categories?post=17002"},{"taxonomy":"post_tag","embeddable":true,"href":"https:\/\/www.entrerios.gov.ar\/cultura\/wp-json\/wp\/v2\/tags?post=17002"}],"curies":[{"name":"wp","href":"https:\/\/api.w.org\/{rel}","templated":true}]}}