{"id":17008,"date":"2026-04-30T15:19:58","date_gmt":"2026-04-30T15:19:58","guid":{"rendered":"https:\/\/www.entrerios.gov.ar\/cultura\/?p=17008"},"modified":"2026-04-30T15:20:01","modified_gmt":"2026-04-30T15:20:01","slug":"la-sinfonica-de-entre-rios-presenta-un-novedoso-repertorio-en-el-cpc-de-parana","status":"publish","type":"post","link":"https:\/\/www.entrerios.gov.ar\/cultura\/la-sinfonica-de-entre-rios-presenta-un-novedoso-repertorio-en-el-cpc-de-parana\/","title":{"rendered":"La Sinf\u00f3nica de Entre R\u00edos presenta un novedoso repertorio en el CPC de Paran\u00e1"},"content":{"rendered":"\n<p>Ser\u00e1 el s\u00e1bado 9 de mayo a las 20 en el Centro Provincial de Convenciones (San Mart\u00edn 15, Paran\u00e1). La actividad es organizada por la Secretar\u00eda de Cultura provincial y cuenta con el auspicio de IAPSER Seguros y la Embajada de Polonia. La entrada es libre y gratuita, con acceso por orden de llegada.<\/p>\n\n\n\n<p>Bajo la direcci\u00f3n art\u00edstica de Luis Gorelik, la velada contar\u00e1 con la participaci\u00f3n de Rafael Delekta como director invitado. El programa incluir\u00e1 la Serenata para cuerdas de Mieczys\u0142aw Kar\u0142owicz y la Sinfon\u00eda No. 3&nbsp; \u201cPolaca\u201d de Piotr. I. Tchaikowsky.<\/p>\n\n\n\n<p><strong>Sobre la Sinfon\u00eda No. 3 &#8220;Polaca&#8221;<\/strong><\/p>\n\n\n\n<p>La Sinfon\u00eda No. 3 de Tchaikovsky&nbsp; es considerada la Cenicienta del conjunto, por ser interpretada con menos frecuencia y quedar, a menudo, en las sombras. A diferencia de las otras, est\u00e1 ambientada en una tonalidad mayor y posee cinco movimientos en lugar de cuatro. Fue compuesta con facilidad durante un relajado verano de 1875, tras un per\u00edodo en el que el autor cre\u00f3 obras como el Piano Concierto No. 1. Tchaikovsky sent\u00eda que, aunque no ofrec\u00eda ideas particularmente exitosas, t\u00e9cnicamente representaba un paso adelante en su carrera. El equilibrio de la obra es inusual, ubicando el movimiento m\u00e1s pesado, el <em>Andante elegiaco<\/em>, en el centro con scherzos a cada lado. El segundo movimiento, <em>Alla tedesca<\/em>, es un vals al estilo alem\u00e1n con toques de ballet que justifica su inclusi\u00f3n por su gran encanto.<\/p>\n\n\n\n<p><\/p>\n\n\n\n<figure class=\"wp-block-image size-large\"><img loading=\"lazy\" decoding=\"async\" width=\"1024\" height=\"683\" src=\"https:\/\/www.entrerios.gov.ar\/cultura\/wp-content\/uploads\/2026\/04\/image-67-1024x683.jpeg\" alt=\"\" class=\"wp-image-17010\" srcset=\"https:\/\/www.entrerios.gov.ar\/cultura\/wp-content\/uploads\/2026\/04\/image-67-980x653.jpeg 980w, https:\/\/www.entrerios.gov.ar\/cultura\/wp-content\/uploads\/2026\/04\/image-67-480x320.jpeg 480w\" sizes=\"auto, (min-width: 0px) and (max-width: 480px) 480px, (min-width: 481px) and (max-width: 980px) 980px, (min-width: 981px) 1024px, 100vw\" \/><\/figure>\n\n\n\n<p><\/p>\n\n\n\n<p>El final de la pieza tiene un <em>Tempo di polacca<\/em>, apodo que define a la sinfon\u00eda pese a ser una obra puramente rusa. El segundo scherzo es muy exigente para los m\u00fasicos, requiriendo carreras r\u00e1pidas e intervenciones inesperadas de los trombones y cuernos. En el cierre aparece una fuga y un desfile ruidoso de toda la orquesta, aunque son los tres movimientos centrales los que causan la mayor impresi\u00f3n. Esta sinfon\u00eda se destaca porque Tchaikovsky no deja su coraz\u00f3n al descubierto ni busca cl\u00edmax abrumadores, mostr\u00e1ndose m\u00e1s moderado. Se la considera un precursor de sus obras m\u00e1s poderosas, situ\u00e1ndose justo antes de la crisis matrimonial que marc\u00f3 su madurez definitiva. As\u00ed, la Tercera Sinfon\u00eda funciona como una l\u00ednea divisoria entre sus tres primeras y sus tres \u00faltimas sinfon\u00edas.<\/p>\n\n\n\n<p><strong>Acerca de Rafael Delekta<\/strong><\/p>\n\n\n\n<p>Rafael Delekta naci\u00f3 en Cracovia en 1957 y se gradu\u00f3 en 1981 en la Academia de M\u00fasica de Cracovia. All\u00ed estudi\u00f3 direcci\u00f3n de orquesta con el profesor Jerzy Katlewicz y ofreci\u00f3 su concierto de graduaci\u00f3n con la Orquesta Filarm\u00f3nica de Cracovia. Luego, ampli\u00f3 sus estudios en cursos impartidos por el profesor Laszlo Somoghy y Helmuth Rilling. Su debut como director fue en la \u00d3pera de Cracovia en 1980. Se especializa en m\u00fasica vocal-instrumental y en todas las formas de teatro musical. Ha puesto en escena 30 estrenos propios con un repertorio que abarca desde Pergolesi hasta Webber y Larsson. Hasta la fecha, ha dirigido aproximadamente 3.000 representaciones. Tambi\u00e9n mantiene una activa carrera de conciertos con orquestas en Polonia y pa\u00edses como EE. UU., M\u00e9xico y Brasil.<\/p>\n\n\n\n<p>Ha dirigido la orquesta Sinfonia Varsovia, incluso como colaborador de Yehudi Menuhin, y graba para radio y televisi\u00f3n. Su discograf\u00eda incluye 15 \u00e1lbumes con un repertorio que abarca obras cl\u00e1sicas, estrenos contempor\u00e1neos y m\u00fasica de cine de autores como Konieczny o Zarycki. Hasta el momento, ha dirigido m\u00e1s de 700 conciertos junto a solistas como Grigory Zhyslin, Konstanty Andrzej Kulka y Tatiana Shebanova, entre muchos otros. Actualmente, es profesor titular en la Academia de M\u00fasica Krzysztof Penderecki de Cracovia, donde dirige el Departamento de Direcci\u00f3n de Orquesta. Fue decano de la Facultad de Composici\u00f3n, Interpretaci\u00f3n y Educaci\u00f3n Musical y vicerrector de Investigaci\u00f3n y Cooperaci\u00f3n Internacional en la Academia de M\u00fasica de Cracovia. Colabora como profesor invitado con universidades extranjeras como la Real Academia de M\u00fasica y la Universidad Nacional de M\u00fasica de Lima. Tambi\u00e9n imparte clases magistrales de direcci\u00f3n, entre otras, con la Orquesta de la Academia Beethoven.<\/p>\n","protected":false},"excerpt":{"rendered":"<p>Ser\u00e1 el s\u00e1bado 9 de mayo a las 20 en el Centro Provincial de Convenciones (San Mart\u00edn 15, Paran\u00e1). La actividad es organizada por la Secretar\u00eda de Cultura provincial y cuenta con el auspicio de IAPSER Seguros y la Embajada de Polonia. La entrada es libre y gratuita, con acceso por orden de llegada. Bajo [&hellip;]<\/p>\n","protected":false},"author":49,"featured_media":17011,"comment_status":"open","ping_status":"open","sticky":false,"template":"","format":"standard","meta":{"_et_pb_use_builder":"off","_et_pb_old_content":"","_et_gb_content_width":"","footnotes":""},"categories":[28,17],"tags":[],"class_list":["post-17008","post","type-post","status-publish","format-standard","has-post-thumbnail","hentry","category-noticias","category-orquesta-sinfonica"],"_links":{"self":[{"href":"https:\/\/www.entrerios.gov.ar\/cultura\/wp-json\/wp\/v2\/posts\/17008","targetHints":{"allow":["GET"]}}],"collection":[{"href":"https:\/\/www.entrerios.gov.ar\/cultura\/wp-json\/wp\/v2\/posts"}],"about":[{"href":"https:\/\/www.entrerios.gov.ar\/cultura\/wp-json\/wp\/v2\/types\/post"}],"author":[{"embeddable":true,"href":"https:\/\/www.entrerios.gov.ar\/cultura\/wp-json\/wp\/v2\/users\/49"}],"replies":[{"embeddable":true,"href":"https:\/\/www.entrerios.gov.ar\/cultura\/wp-json\/wp\/v2\/comments?post=17008"}],"version-history":[{"count":1,"href":"https:\/\/www.entrerios.gov.ar\/cultura\/wp-json\/wp\/v2\/posts\/17008\/revisions"}],"predecessor-version":[{"id":17012,"href":"https:\/\/www.entrerios.gov.ar\/cultura\/wp-json\/wp\/v2\/posts\/17008\/revisions\/17012"}],"wp:featuredmedia":[{"embeddable":true,"href":"https:\/\/www.entrerios.gov.ar\/cultura\/wp-json\/wp\/v2\/media\/17011"}],"wp:attachment":[{"href":"https:\/\/www.entrerios.gov.ar\/cultura\/wp-json\/wp\/v2\/media?parent=17008"}],"wp:term":[{"taxonomy":"category","embeddable":true,"href":"https:\/\/www.entrerios.gov.ar\/cultura\/wp-json\/wp\/v2\/categories?post=17008"},{"taxonomy":"post_tag","embeddable":true,"href":"https:\/\/www.entrerios.gov.ar\/cultura\/wp-json\/wp\/v2\/tags?post=17008"}],"curies":[{"name":"wp","href":"https:\/\/api.w.org\/{rel}","templated":true}]}}