{"id":18091,"date":"2026-08-31T15:35:24","date_gmt":"2026-08-31T15:35:24","guid":{"rendered":"https:\/\/www.entrerios.gov.ar\/cultura\/?p=18091"},"modified":"2026-08-31T15:35:27","modified_gmt":"2026-08-31T15:35:27","slug":"el-ciclo-un-domingo-de-teatro-presenta-una-nueva-funcion-en-rosario-del-tala","status":"publish","type":"post","link":"https:\/\/www.entrerios.gov.ar\/cultura\/el-ciclo-un-domingo-de-teatro-presenta-una-nueva-funcion-en-rosario-del-tala\/","title":{"rendered":"El ciclo Un Domingo de Teatro presenta una nueva funci\u00f3n en Rosario del Tala"},"content":{"rendered":"\n<p>Un Domingo de Teatro tendr\u00e1 una nueva funci\u00f3n este domingo 6 de septiembre a las 20 en la Sala de Teatro M\u00f3nica Pesse (Centenario 66, Rosario del Tala). Se presentar\u00e1 la obra Con un CLICK&#8230; entran al feed de una! Con entrada libre y gratuita, organizan la Secretar\u00eda de Cultura de Entre R\u00edos y el Consejo de Teatro Independiente de Entre R\u00edos (CONTIER), junto al municipio local.<\/p>\n\n\n\n<p>La trama de la obra que se presentar\u00e1 este domingo trata de dos amigas que deciden abrir un grupo de \u201cayuda en redes\u201d sin tener idea de c\u00f3mo hacerlo. Su desorganizaci\u00f3n desata una catarata de malentendidos cuando personas reales comienzan a pedirles orientaci\u00f3n terap\u00e9utica. Entre consultas delirantes, exposici\u00f3n involuntaria y caos digital, la obra muestra con humor c\u00f3mo la intimidad se vuelve espect\u00e1culo. La historia avanza desdibujando los l\u00edmites entre ficci\u00f3n y realidad\u2026 hasta que todo hace click.<\/p>\n\n\n\n<p>Un Domingo de Teatro es parte de CUAC! Cultura Activa, el programa anual de actividades que la Secretar\u00eda de Cultura de Entre R\u00edos desarrolla en distintas localidades de la provincia.&nbsp;<\/p>\n","protected":false},"excerpt":{"rendered":"<p>Un Domingo de Teatro tendr\u00e1 una nueva funci\u00f3n este domingo 6 de septiembre a las 20 en la Sala de Teatro M\u00f3nica Pesse (Centenario 66, Rosario del Tala). Se presentar\u00e1 la obra Con un CLICK&#8230; entran al feed de una! Con entrada libre y gratuita, organizan la Secretar\u00eda de Cultura de Entre R\u00edos y el [&hellip;]<\/p>\n","protected":false},"author":49,"featured_media":18093,"comment_status":"open","ping_status":"open","sticky":false,"template":"","format":"standard","meta":{"_et_pb_use_builder":"off","_et_pb_old_content":"","_et_gb_content_width":"","footnotes":""},"categories":[28,23],"tags":[],"class_list":["post-18091","post","type-post","status-publish","format-standard","has-post-thumbnail","hentry","category-noticias","category-consejo-provincial-de-cultura"],"_links":{"self":[{"href":"https:\/\/www.entrerios.gov.ar\/cultura\/wp-json\/wp\/v2\/posts\/18091","targetHints":{"allow":["GET"]}}],"collection":[{"href":"https:\/\/www.entrerios.gov.ar\/cultura\/wp-json\/wp\/v2\/posts"}],"about":[{"href":"https:\/\/www.entrerios.gov.ar\/cultura\/wp-json\/wp\/v2\/types\/post"}],"author":[{"embeddable":true,"href":"https:\/\/www.entrerios.gov.ar\/cultura\/wp-json\/wp\/v2\/users\/49"}],"replies":[{"embeddable":true,"href":"https:\/\/www.entrerios.gov.ar\/cultura\/wp-json\/wp\/v2\/comments?post=18091"}],"version-history":[{"count":1,"href":"https:\/\/www.entrerios.gov.ar\/cultura\/wp-json\/wp\/v2\/posts\/18091\/revisions"}],"predecessor-version":[{"id":18094,"href":"https:\/\/www.entrerios.gov.ar\/cultura\/wp-json\/wp\/v2\/posts\/18091\/revisions\/18094"}],"wp:featuredmedia":[{"embeddable":true,"href":"https:\/\/www.entrerios.gov.ar\/cultura\/wp-json\/wp\/v2\/media\/18093"}],"wp:attachment":[{"href":"https:\/\/www.entrerios.gov.ar\/cultura\/wp-json\/wp\/v2\/media?parent=18091"}],"wp:term":[{"taxonomy":"category","embeddable":true,"href":"https:\/\/www.entrerios.gov.ar\/cultura\/wp-json\/wp\/v2\/categories?post=18091"},{"taxonomy":"post_tag","embeddable":true,"href":"https:\/\/www.entrerios.gov.ar\/cultura\/wp-json\/wp\/v2\/tags?post=18091"}],"curies":[{"name":"wp","href":"https:\/\/api.w.org\/{rel}","templated":true}]}}