{"id":18101,"date":"2026-09-01T12:27:26","date_gmt":"2026-09-01T12:27:26","guid":{"rendered":"https:\/\/www.entrerios.gov.ar\/cultura\/?p=18101"},"modified":"2026-09-01T12:27:27","modified_gmt":"2026-09-01T12:27:27","slug":"la-sinfonica-de-entre-rios-se-presento-a-sala-llena-en-la-vieja-usina-3","status":"publish","type":"post","link":"https:\/\/www.entrerios.gov.ar\/cultura\/la-sinfonica-de-entre-rios-se-presento-a-sala-llena-en-la-vieja-usina-3\/","title":{"rendered":"La Sinf\u00f3nica de Entre R\u00edos se present\u00f3 a sala llena en La Vieja Usina"},"content":{"rendered":"\n<p>La Orquesta Sinf\u00f3nica provincial present\u00f3 en La Vieja Usina el estreno mundial de <em>\u201cEl sue\u00f1o de Pigmali\u00f3n\u201d<\/em>, obra de Alejandro Civilotti. El repertorio incluy\u00f3 tambi\u00e9n piezas de Bruch y Brahms, con Javier Logioia Orbe como director invitado y el brit\u00e1nico Ashan Pillai como solista en viola. Organiz\u00f3 la Secretar\u00eda de Cultura de Entre R\u00edos con entrada libre y gratuita.<\/p>\n\n\n\n<p>Ante m\u00e1s de 400 personas que colmaron las instalaciones del centro cultural, y bajo la direcci\u00f3n art\u00edstica de Luis Gorelik, el evento inici\u00f3 a las 20 con las palabras de bienvenida del director invitado Javier Logioia Orbe, quien present\u00f3 las obras de la velada.<\/p>\n\n\n\n<p><\/p>\n\n\n\n<figure class=\"wp-block-image size-large\"><img loading=\"lazy\" decoding=\"async\" width=\"1024\" height=\"683\" src=\"https:\/\/www.entrerios.gov.ar\/cultura\/wp-content\/uploads\/2026\/09\/image-1-1024x683.jpeg\" alt=\"\" class=\"wp-image-18103\" srcset=\"https:\/\/www.entrerios.gov.ar\/cultura\/wp-content\/uploads\/2026\/09\/image-1-980x653.jpeg 980w, https:\/\/www.entrerios.gov.ar\/cultura\/wp-content\/uploads\/2026\/09\/image-1-480x320.jpeg 480w\" sizes=\"auto, (min-width: 0px) and (max-width: 480px) 480px, (min-width: 481px) and (max-width: 980px) 980px, (min-width: 981px) 1024px, 100vw\" \/><\/figure>\n\n\n\n<p><\/p>\n\n\n\n<p>Seguidamente, el director anunci\u00f3 el estreno mundial de \u201cEl sue\u00f1o de Pigmali\u00f3n\u201d una obra in\u00e9dita del compositor argentino Alejandro Civilotti, un creador multipremiado, autor de nueve sinfon\u00edas y m\u00faltiples \u00f3peras, residente desde hace varias d\u00e9cadas en Barcelona. Al respecto, destac\u00f3 el prestigio de contar en el escenario con el profesor Ashan Pillai para el abordaje de esta pieza, a la que defini\u00f3 como una obra extremadamente contempor\u00e1nea, psicol\u00f3gicamente compleja y representativa de la m\u00fasica del siglo XXI.<\/p>\n\n\n\n<p><\/p>\n\n\n\n<figure class=\"wp-block-image size-large\"><img loading=\"lazy\" decoding=\"async\" width=\"1024\" height=\"683\" src=\"https:\/\/www.entrerios.gov.ar\/cultura\/wp-content\/uploads\/2026\/09\/image-5-1024x683.jpeg\" alt=\"\" class=\"wp-image-18107\" srcset=\"https:\/\/www.entrerios.gov.ar\/cultura\/wp-content\/uploads\/2026\/09\/image-5-980x653.jpeg 980w, https:\/\/www.entrerios.gov.ar\/cultura\/wp-content\/uploads\/2026\/09\/image-5-480x320.jpeg 480w\" sizes=\"auto, (min-width: 0px) and (max-width: 480px) 480px, (min-width: 481px) and (max-width: 980px) 980px, (min-width: 981px) 1024px, 100vw\" \/><\/figure>\n\n\n\n<p><\/p>\n\n\n\n<p>Logioia Orbe manifest\u00f3 su alegr\u00eda por regresar a dirigir a Paran\u00e1 y el pa\u00eds: &#8220;Como soy residente permanente en Brasil, estoy muy agradecido por la invitaci\u00f3n y la recepci\u00f3n de la orquesta, con cuyos integrantes compartimos una fant\u00e1stica experiencia&#8221;. A su vez, el director valor\u00f3 el desaf\u00edo que represent\u00f3 la obra de Alejandro Civilotti junto al solista Ashan Pillai: &#8220;Tras 45 a\u00f1os de carrera, es una enorme alegr\u00eda dirigir por primera vez una obra de Civilotti, un autor extremadamente sensible e inteligente que escribe con gran sabidur\u00eda t\u00e9cnica&#8221;.<\/p>\n\n\n\n<p>Posteriormente, previo a la interpretaci\u00f3n de la <em>Sinfon\u00eda N.\u00b0 2 Op. 73<\/em> del compositor alem\u00e1n Johannes Brahms, Logioia Orbe volvi\u00f3 a tomar la palabra para recordar la figura del maestro Pedro Ignacio Calder\u00f3n,&nbsp; nacido en Paran\u00e1 y considerado el director de orquesta m\u00e1s importante de la historia argentina, quien falleci\u00f3 semanas atr\u00e1s y realiz\u00f3 sus primeros a\u00f1os de carrera en la capital entrerriana.<\/p>\n\n\n\n<p>El Concierto tuvo el auspicio del Centro de Ojos Dr. L\u00f3dolo y del Howard Johnson Mayorazgo.<\/p>\n\n\n\n<p><strong>Masterclass de <\/strong><strong>Ashan Pillai para m\u00fasicos y estudiantes<\/strong><\/p>\n\n\n\n<p>En el marco de la preparaci\u00f3n del concierto y de las jornadas de ensayos previos, el viernes se realiz\u00f3 en La Vieja Usina una masterclass y charla abierta a cargo del solista invitado Ashan Pillai.<\/p>\n\n\n\n<p><\/p>\n\n\n\n<figure class=\"wp-block-image size-large\"><img loading=\"lazy\" decoding=\"async\" width=\"1024\" height=\"683\" src=\"https:\/\/www.entrerios.gov.ar\/cultura\/wp-content\/uploads\/2026\/09\/image-1024x683.jpeg\" alt=\"\" class=\"wp-image-18102\" srcset=\"https:\/\/www.entrerios.gov.ar\/cultura\/wp-content\/uploads\/2026\/09\/image-980x653.jpeg 980w, https:\/\/www.entrerios.gov.ar\/cultura\/wp-content\/uploads\/2026\/09\/image-480x320.jpeg 480w\" sizes=\"auto, (min-width: 0px) and (max-width: 480px) 480px, (min-width: 481px) and (max-width: 980px) 980px, (min-width: 981px) 1024px, 100vw\" \/><\/figure>\n\n\n\n<p><\/p>\n\n\n\n<p>La actividad estuvo dirigida a integrantes de la Orquesta Sinf\u00f3nica de Entre R\u00edos y a j\u00f3venes estudiantes de viola de la regi\u00f3n. Durante el encuentro, el violista brit\u00e1nico comparti\u00f3 sus experiencias y abord\u00f3 diversos aspectos de la vida profesional y art\u00edstica.<\/p>\n\n\n\n<p><\/p>\n\n\n\n<figure class=\"wp-block-image size-large\"><img loading=\"lazy\" decoding=\"async\" width=\"1024\" height=\"683\" src=\"https:\/\/www.entrerios.gov.ar\/cultura\/wp-content\/uploads\/2026\/09\/image-2-1024x683.jpeg\" alt=\"\" class=\"wp-image-18104\" srcset=\"https:\/\/www.entrerios.gov.ar\/cultura\/wp-content\/uploads\/2026\/09\/image-2-980x653.jpeg 980w, https:\/\/www.entrerios.gov.ar\/cultura\/wp-content\/uploads\/2026\/09\/image-2-480x320.jpeg 480w\" sizes=\"auto, (min-width: 0px) and (max-width: 480px) 480px, (min-width: 481px) and (max-width: 980px) 980px, (min-width: 981px) 1024px, 100vw\" \/><\/figure>\n\n\n\n<p><\/p>\n\n\n\n<p>Los asistentes dialogaron con el maestro sobre sus inicios en la carrera musical, el proceso de preparaci\u00f3n para el ingreso a conservatorios, la importancia de la concentraci\u00f3n, aspectos t\u00e9cnicos sobre la posici\u00f3n de los dedos y recomendaciones de estudio. Asimismo, el solista se refiri\u00f3 a las obras bisagra de su trayectoria, su inter\u00e9s por el arte a trav\u00e9s de la viola como v\u00eda de expresi\u00f3n, el camino dentro de la m\u00fasica de c\u00e1mara y el trabajo t\u00e9cnico sobre el sonido.<\/p>\n\n\n\n<p><\/p>\n\n\n\n<figure class=\"wp-block-image size-large\"><img loading=\"lazy\" decoding=\"async\" width=\"1024\" height=\"683\" src=\"https:\/\/www.entrerios.gov.ar\/cultura\/wp-content\/uploads\/2026\/09\/image-3-1024x683.jpeg\" alt=\"\" class=\"wp-image-18105\" srcset=\"https:\/\/www.entrerios.gov.ar\/cultura\/wp-content\/uploads\/2026\/09\/image-3-980x653.jpeg 980w, https:\/\/www.entrerios.gov.ar\/cultura\/wp-content\/uploads\/2026\/09\/image-3-480x320.jpeg 480w\" sizes=\"auto, (min-width: 0px) and (max-width: 480px) 480px, (min-width: 481px) and (max-width: 980px) 980px, (min-width: 981px) 1024px, 100vw\" \/><\/figure>\n\n\n\n<p><\/p>\n\n\n\n<p><strong>Pr\u00f3ximo concierto<\/strong><\/p>\n\n\n\n<p>La pr\u00f3xima presentaci\u00f3n de la Orquesta Sinf\u00f3nica de Entre R\u00edos tendr\u00e1 lugar el viernes 11 de septiembre a las 20 en el Centro Cultural Juan L. Ortiz (<a href=\"https:\/\/www.google.com\/maps\/search\/Blvd.+Racedo+250,+Paran%C3%A1?entry=gmail&amp;source=g\">Blvd. Racedo 250, Paran\u00e1<\/a>), bajo la direcci\u00f3n de su director art\u00edstico Luis Gorelik y con la participaci\u00f3n de los solistas invitados Xavier Inchausti (viol\u00edn) y Silvina \u00c1lvarez (viola). El repertorio del concierto incluir\u00e1 la <em>Sinfon\u00eda Concertante para viol\u00edn y viola K 364<\/em> de W. A. Mozart y la <em>Sinfon\u00eda N.\u00b0 3 \u201cHeroica\u201d Op. 55<\/em> de L. V. Beethoven, en una funci\u00f3n organizada conjuntamente por la Secretar\u00eda de Cultura de Entre R\u00edos y la Municipalidad de Paran\u00e1 que contar\u00e1 con el auspicio de la Asociaci\u00f3n Mariano Moreno, el acompa\u00f1amiento de Howard Johnson Plaza Resort &amp; Casino Mayorazgo y entrada libre y gratuita con acceso por orden de llegada.<\/p>\n","protected":false},"excerpt":{"rendered":"<p>La Orquesta Sinf\u00f3nica provincial present\u00f3 en La Vieja Usina el estreno mundial de \u201cEl sue\u00f1o de Pigmali\u00f3n\u201d, obra de Alejandro Civilotti. El repertorio incluy\u00f3 tambi\u00e9n piezas de Bruch y Brahms, con Javier Logioia Orbe como director invitado y el brit\u00e1nico Ashan Pillai como solista en viola. Organiz\u00f3 la Secretar\u00eda de Cultura de Entre R\u00edos con [&hellip;]<\/p>\n","protected":false},"author":49,"featured_media":18108,"comment_status":"open","ping_status":"open","sticky":false,"template":"","format":"standard","meta":{"_et_pb_use_builder":"off","_et_pb_old_content":"","_et_gb_content_width":"","footnotes":""},"categories":[28,17],"tags":[],"class_list":["post-18101","post","type-post","status-publish","format-standard","has-post-thumbnail","hentry","category-noticias","category-orquesta-sinfonica"],"_links":{"self":[{"href":"https:\/\/www.entrerios.gov.ar\/cultura\/wp-json\/wp\/v2\/posts\/18101","targetHints":{"allow":["GET"]}}],"collection":[{"href":"https:\/\/www.entrerios.gov.ar\/cultura\/wp-json\/wp\/v2\/posts"}],"about":[{"href":"https:\/\/www.entrerios.gov.ar\/cultura\/wp-json\/wp\/v2\/types\/post"}],"author":[{"embeddable":true,"href":"https:\/\/www.entrerios.gov.ar\/cultura\/wp-json\/wp\/v2\/users\/49"}],"replies":[{"embeddable":true,"href":"https:\/\/www.entrerios.gov.ar\/cultura\/wp-json\/wp\/v2\/comments?post=18101"}],"version-history":[{"count":1,"href":"https:\/\/www.entrerios.gov.ar\/cultura\/wp-json\/wp\/v2\/posts\/18101\/revisions"}],"predecessor-version":[{"id":18109,"href":"https:\/\/www.entrerios.gov.ar\/cultura\/wp-json\/wp\/v2\/posts\/18101\/revisions\/18109"}],"wp:featuredmedia":[{"embeddable":true,"href":"https:\/\/www.entrerios.gov.ar\/cultura\/wp-json\/wp\/v2\/media\/18108"}],"wp:attachment":[{"href":"https:\/\/www.entrerios.gov.ar\/cultura\/wp-json\/wp\/v2\/media?parent=18101"}],"wp:term":[{"taxonomy":"category","embeddable":true,"href":"https:\/\/www.entrerios.gov.ar\/cultura\/wp-json\/wp\/v2\/categories?post=18101"},{"taxonomy":"post_tag","embeddable":true,"href":"https:\/\/www.entrerios.gov.ar\/cultura\/wp-json\/wp\/v2\/tags?post=18101"}],"curies":[{"name":"wp","href":"https:\/\/api.w.org\/{rel}","templated":true}]}}